{"id":2964,"date":"2012-07-25T11:50:17","date_gmt":"2012-07-25T09:50:17","guid":{"rendered":"http:\/\/www.weli.at\/kinder\/?p=2964"},"modified":"2015-10-12T11:20:15","modified_gmt":"2015-10-12T11:20:15","slug":"wandern-wipptal-blaserhutte","status":"publish","type":"post","link":"https:\/\/www.weli.at\/kinder\/wandern-wipptal-blaserhutte\/","title":{"rendered":"Wandern Wipptal Blaserh\u00fctte"},"content":{"rendered":"<p>Eine nette Wanderung mit einer abenteuerlichen \u00dcbernachtung im Matratzenlager kann man mit Kindern auf die Blaserh\u00fctte auf 2167 m machen! Die H\u00fctte ist mit Kindern ab einem Altern von 5 Jahren gut zu erreichen.<\/p>\n<div id=\"attachment_2965\" style=\"width: 310px\" class=\"wp-caption alignleft\"><a href=\"https:\/\/www.weli.at\/kinder\/wp-content\/uploads\/2012\/07\/IMG_2685.jpg\"><img aria-describedby=\"caption-attachment-2965\" loading=\"lazy\" class=\"size-medium wp-image-2965\" title=\"Blaserh\u00fctte\" src=\"https:\/\/www.weli.at\/kinder\/wp-content\/uploads\/2012\/07\/IMG_2685-300x199.jpg\" alt=\"\" width=\"300\" height=\"199\" \/><\/a><p id=\"caption-attachment-2965\" class=\"wp-caption-text\">Blaserh\u00fctte<\/p><\/div>\n<p><!--more--><\/p>\n<h2>Kinderwagen Blaserh\u00fctte<\/h2>\n<p>Nur auf den Fahrweg von Trins aus ist die H\u00fctte auch mit dem Kinderwagen gut zu erreichen &#8211; es sind allerdings knapp 1000 H\u00f6henmetter raufzuschieben! Vielleicht doch besser mit R\u00fcckentrage?<\/p>\n<h2>Gehzeit Blaserh\u00fctte<\/h2>\n<p>Hier gibt es verschiedene M\u00f6glichkeiten &#8211; von der Ochsenalm aus (ca. 600 hm), von Maria Waldrast aus in knapp 2 Stunden, von Trins aus auf dem Steig in gut 2,5 Stunden oder auf dem bequemen Weg von Trins aus in gut 3,5 Stunden, um nur einige M\u00f6glichkeiten zu nennen! Auch von den Serlesliften ist ein Zugang m\u00f6glich, von Steinach aus, &#8230;<\/p>\n<h2>H\u00f6henmeter Blaserh\u00fctte<\/h2>\n<p>Zwischen 600 hm und 1000 hm hat man hier die Wahl.<\/p>\n<h2>Kontakt Blaserh\u00fctte<\/h2>\n<p>Familie Nocker<\/p>\n<p>Telefon +43 5275 5251<br \/>\nTelefon +43 664 57 18 200<br \/>\nmail:  info.trins@wipptal.at<\/p>\n<p>http:\/\/www.trins-tirol.at\/salmen\/blaser.htm<\/p>\n<div id=\"attachment_2966\" style=\"width: 310px\" class=\"wp-caption alignleft\"><a href=\"https:\/\/www.weli.at\/kinder\/wp-content\/uploads\/2012\/07\/IMG_2692.jpg\"><img aria-describedby=\"caption-attachment-2966\" loading=\"lazy\" class=\"size-medium wp-image-2966\" title=\"Blaser Gipfel\" src=\"https:\/\/www.weli.at\/kinder\/wp-content\/uploads\/2012\/07\/IMG_2692-300x225.jpg\" alt=\"\" width=\"300\" height=\"225\" \/><\/a><p id=\"caption-attachment-2966\" class=\"wp-caption-text\">Blaser Gipfel<\/p><\/div>\n","protected":false},"excerpt":{"rendered":"<p>Eine nette Wanderung mit einer abenteuerlichen \u00dcbernachtung im Matratzenlager kann man mit Kindern auf die Blaserh\u00fctte auf 2167 m machen! Die H\u00fctte ist mit Kindern ab einem Altern von 5 Jahren gut zu erreichen. <a class=\"more-link\" href=\"https:\/\/www.weli.at\/kinder\/wandern-wipptal-blaserhutte\/\">Wandern Wipptal Blaserh\u00fctte<\/a><\/p>\n","protected":false},"author":2,"featured_media":0,"comment_status":"closed","ping_status":"open","sticky":false,"template":"","format":"standard","meta":{"_et_pb_use_builder":"","_et_pb_old_content":"","_et_gb_content_width":""},"categories":[5,11,31],"tags":[176,186],"_links":{"self":[{"href":"https:\/\/www.weli.at\/kinder\/wp-json\/wp\/v2\/posts\/2964"}],"collection":[{"href":"https:\/\/www.weli.at\/kinder\/wp-json\/wp\/v2\/posts"}],"about":[{"href":"https:\/\/www.weli.at\/kinder\/wp-json\/wp\/v2\/types\/post"}],"author":[{"embeddable":true,"href":"https:\/\/www.weli.at\/kinder\/wp-json\/wp\/v2\/users\/2"}],"replies":[{"embeddable":true,"href":"https:\/\/www.weli.at\/kinder\/wp-json\/wp\/v2\/comments?post=2964"}],"version-history":[{"count":0,"href":"https:\/\/www.weli.at\/kinder\/wp-json\/wp\/v2\/posts\/2964\/revisions"}],"wp:attachment":[{"href":"https:\/\/www.weli.at\/kinder\/wp-json\/wp\/v2\/media?parent=2964"}],"wp:term":[{"taxonomy":"category","embeddable":true,"href":"https:\/\/www.weli.at\/kinder\/wp-json\/wp\/v2\/categories?post=2964"},{"taxonomy":"post_tag","embeddable":true,"href":"https:\/\/www.weli.at\/kinder\/wp-json\/wp\/v2\/tags?post=2964"}],"curies":[{"name":"wp","href":"https:\/\/api.w.org\/{rel}","templated":true}]}}