{"id":297,"date":"2010-02-21T19:46:55","date_gmt":"2010-02-21T18:46:55","guid":{"rendered":"http:\/\/www.weli.at\/kinder\/?p=297"},"modified":"2016-01-10T20:26:53","modified_gmt":"2016-01-10T20:26:53","slug":"kindergarten-in-innsbruck-lonsstrasse","status":"publish","type":"post","link":"https:\/\/www.weli.at\/kinder\/kindergarten-in-innsbruck-lonsstrasse\/","title":{"rendered":"Kindergarten L\u00f6nsstrasse in Pradl"},"content":{"rendered":"<p>Der <strong>st\u00e4dtische Kindergarten<\/strong> befindet sich in der <strong>L\u00f6nsstrasse<\/strong> 30, ganz in der N\u00e4he der Volksschule Pradl Ost \/Siegmairschule. Am 10. und 11. Februar 2011 finden <!--more-->Tage der offenen T\u00fcr in den Kinderg\u00e4rten und den Sch\u00fclerhorte der Stadt Innsbruck statt.<\/p>\n<p>Die Einschreibung in die Kinderg\u00e4rten und die Sch\u00fclerhorte der Stadt Innsbruck findet am 23. und 24. Februar 2011 statt.<\/p>\n<p>Der Kindergarten hat einen ganz tollen gro\u00dfen Garten.<\/p>\n<p>Es gibt hier 5 Gruppen. <\/p>\n<p><strong>\u00d6ffnungszeiten:<\/strong><br \/>\n7.00 bis 16.30, mit Mittagstisch.<\/p>\n<p><strong>Leitung:<\/strong><br \/>\nEva Gerl<\/p>\n<p><strong>Kosten:<\/strong><br \/>\nKinder von 2 bis 4 Jahren: bis 14.00 34,&#8211;,  ganztags 59,&#8211;, Mittagessen 3,&#8211; p.d.<\/p>\n<p>Kinder von 4 bis 6 Jahren: bis 14.00 kostenlos, ganztags 29,&#8211;, Mittagessen 3,&#8211; p.d.<\/p>\n","protected":false},"excerpt":{"rendered":"<p>Der st\u00e4dtische Kindergarten befindet sich in der L\u00f6nsstrasse 30, ganz in der N\u00e4he der Volksschule Pradl Ost \/Siegmairschule. Am 10. und 11. Februar 2011 finden <a class=\"more-link\" href=\"https:\/\/www.weli.at\/kinder\/kindergarten-in-innsbruck-lonsstrasse\/\">Kindergarten L\u00f6nsstrasse in Pradl<\/a><\/p>\n","protected":false},"author":2,"featured_media":0,"comment_status":"closed","ping_status":"open","sticky":false,"template":"","format":"standard","meta":{"_et_pb_use_builder":"","_et_pb_old_content":"","_et_gb_content_width":""},"categories":[43,44],"tags":[119],"_links":{"self":[{"href":"https:\/\/www.weli.at\/kinder\/wp-json\/wp\/v2\/posts\/297"}],"collection":[{"href":"https:\/\/www.weli.at\/kinder\/wp-json\/wp\/v2\/posts"}],"about":[{"href":"https:\/\/www.weli.at\/kinder\/wp-json\/wp\/v2\/types\/post"}],"author":[{"embeddable":true,"href":"https:\/\/www.weli.at\/kinder\/wp-json\/wp\/v2\/users\/2"}],"replies":[{"embeddable":true,"href":"https:\/\/www.weli.at\/kinder\/wp-json\/wp\/v2\/comments?post=297"}],"version-history":[{"count":0,"href":"https:\/\/www.weli.at\/kinder\/wp-json\/wp\/v2\/posts\/297\/revisions"}],"wp:attachment":[{"href":"https:\/\/www.weli.at\/kinder\/wp-json\/wp\/v2\/media?parent=297"}],"wp:term":[{"taxonomy":"category","embeddable":true,"href":"https:\/\/www.weli.at\/kinder\/wp-json\/wp\/v2\/categories?post=297"},{"taxonomy":"post_tag","embeddable":true,"href":"https:\/\/www.weli.at\/kinder\/wp-json\/wp\/v2\/tags?post=297"}],"curies":[{"name":"wp","href":"https:\/\/api.w.org\/{rel}","templated":true}]}}