{"id":3529,"date":"2013-05-22T22:56:52","date_gmt":"2013-05-22T20:56:52","guid":{"rendered":"http:\/\/www.weli.at\/kinder\/?p=3529"},"modified":"2015-10-12T11:20:57","modified_gmt":"2015-10-12T11:20:57","slug":"kinderbetreuung-schulerhort-ferien","status":"publish","type":"post","link":"https:\/\/www.weli.at\/kinder\/kinderbetreuung-schulerhort-ferien\/","title":{"rendered":"Kinderbetreuung Sch\u00fclerhort Ferien"},"content":{"rendered":"<p>Die Stadt Innsbruck hat auch in den Ferien f\u00fcr 7 Wochen die Sch\u00fcler Horte von 7 bis 18 Uhr ge\u00f6ffnet.<!--more--><\/p>\n<h2>Kosten Sch\u00fclerhort Ferien<\/h2>\n<p>\u20ac 25,&#8211; pro Woche<br \/>\nMittagstisch \u20ac 3,40 pro Mittagessen<\/p>\n<h2> Sch\u00fclerhort Innsbruck Sommerferien<\/h2>\n<p>Angergasse<br \/>\nDomanigweg<br \/>\nKaysergarten<br \/>\nKinder am Tivoli<\/p>\n<h2>Sch\u00fclerhort Innsbruck Weihnachtsferien Osterferien<\/h2>\n<p>Domanigweg<br \/>\nKinder am Tivoli<br \/>\nDie Betreuung in den Weihnachts- und Osterferien ist ausschlie\u00dflich f\u00fcr Kinder, die auch w\u00e4hrend des Jahres einen Sch\u00fclerhort der Stadt besuchen.<\/p>\n<h2>Sch\u00fclerhort Innsbruck Semesterferien<\/h2>\n<p>Die Betreuung in den Semesterferien ist ausschlie\u00dflich f\u00fcr Kinder, die auch w\u00e4hrend des Jahres einen Sch\u00fclerhort der Stadt besuchen.<br \/>\nBei Bedarf haben die Sch\u00fclerhorte ge\u00f6ffnet.<\/p>\n<h2>Sch\u00fclerhort Innsbruck Anmeldung<\/h2>\n<p>Amt f\u00fcr Kinder- und Jugendbetreuung<br \/>\nRathaus<br \/>\nMaria-Theresien-Stra\u00dfe 18, 4. Stock<br \/>\nTelefon +43 (0) 512 5360 4216<br \/>\nFax. +43 (0) 512 5360 1736<br \/>\npost.kinder.jugendbetreuung@innsbruck.gv.at<br \/>\nwww.innsbruck.gv.at<br \/>\n\u00d6ffnungszeiten : Mo-Fr 8.00-12.00 Uhr und nach Vereinbarung<\/p>\n","protected":false},"excerpt":{"rendered":"<p>Die Stadt Innsbruck hat auch in den Ferien f\u00fcr 7 Wochen die Sch\u00fcler Horte von 7 bis 18 Uhr ge\u00f6ffnet. <a class=\"more-link\" href=\"https:\/\/www.weli.at\/kinder\/kinderbetreuung-schulerhort-ferien\/\">Kinderbetreuung Sch\u00fclerhort Ferien<\/a><\/p>\n","protected":false},"author":2,"featured_media":0,"comment_status":"closed","ping_status":"open","sticky":false,"template":"","format":"standard","meta":{"_et_pb_use_builder":"","_et_pb_old_content":"","_et_gb_content_width":""},"categories":[25,43],"tags":[119],"_links":{"self":[{"href":"https:\/\/www.weli.at\/kinder\/wp-json\/wp\/v2\/posts\/3529"}],"collection":[{"href":"https:\/\/www.weli.at\/kinder\/wp-json\/wp\/v2\/posts"}],"about":[{"href":"https:\/\/www.weli.at\/kinder\/wp-json\/wp\/v2\/types\/post"}],"author":[{"embeddable":true,"href":"https:\/\/www.weli.at\/kinder\/wp-json\/wp\/v2\/users\/2"}],"replies":[{"embeddable":true,"href":"https:\/\/www.weli.at\/kinder\/wp-json\/wp\/v2\/comments?post=3529"}],"version-history":[{"count":0,"href":"https:\/\/www.weli.at\/kinder\/wp-json\/wp\/v2\/posts\/3529\/revisions"}],"wp:attachment":[{"href":"https:\/\/www.weli.at\/kinder\/wp-json\/wp\/v2\/media?parent=3529"}],"wp:term":[{"taxonomy":"category","embeddable":true,"href":"https:\/\/www.weli.at\/kinder\/wp-json\/wp\/v2\/categories?post=3529"},{"taxonomy":"post_tag","embeddable":true,"href":"https:\/\/www.weli.at\/kinder\/wp-json\/wp\/v2\/tags?post=3529"}],"curies":[{"name":"wp","href":"https:\/\/api.w.org\/{rel}","templated":true}]}}