{"id":3553,"date":"2013-06-08T10:16:53","date_gmt":"2013-06-08T08:16:53","guid":{"rendered":"http:\/\/www.weli.at\/kinder\/?p=3553"},"modified":"2015-10-12T11:20:57","modified_gmt":"2015-10-12T11:20:57","slug":"teenxpress-ferien-betreuung","status":"publish","type":"post","link":"https:\/\/www.weli.at\/kinder\/teenxpress-ferien-betreuung\/","title":{"rendered":"TeenXpress Ferien Betreuung"},"content":{"rendered":"<p>TeenXpress Innsbruck &#8211; das <strong>aktuelle Programm<\/strong> f\u00fcr die Sommerferien gibt es ab 24. Juni 2013! Betreuung f\u00fcr 13 bis 17j\u00e4hrige vom 5. Juli bis 7. September 2013!<\/p>\n<p>Der <strong>Innsbrucker TeenXpress<\/strong> bietet Betreuung in den Ferien und wird seit 1988 von der Stadt Innsbruck initiiert.<br \/>\n<!--more--><br \/>\nJugendliche von 13 bis 17 Jahren k\u00f6nnen in den Semesterferien, Osterferien  und Sommerferien an den verschiedensten Veranstaltungen des  TeenXpress teilnehmen.<br \/>\nJugendliche von 13 bis 18 Jahren finden beim TeenXpress verschiedenstes  zur Auswahl &#8211; Sport, Kultur, Natur, Besichtigungen, Action &amp; Fun  oder Workshops.<\/p>\n<p>Teilnehmen k\u00f6nnen NICHT nur Jugendliche aus Innsbruck Stadt!<\/p>\n<p>Es ist von allem was dabei:<br \/>\nSport, Spa\u00df, Workshops, Kurse, Familien Veranstaltungen, Besichtigungen,  Natur, Kultur, Kino, Klettern, &#8230;<\/p>\n<h2>TeenXpress Anmeldung<\/h2>\n<p>direkt beim Veranstalter<\/p>\n<p>Das Programmheft wird allen INNSBRUCKERN 2 Wochen vor Ferienbeginn <strong>per Post<\/strong> zugeschickt.<\/p>\n<p>Ab diesem Zeitpunkt ist es auch m\u00f6glich ein Programm <strong>abzuholen<\/strong>:  beim B\u00fcrgerservice im Erdgescho\u00df der Rathaus Galerien, im Info-Eck des  Juff, in der Stadtb\u00fccherei und bei den zahlreichen Mitveranstaltern. F\u00fcr  Innsbruck-Land-Gemeinden: am Gemeindeamt.<\/p>\n<p>Das Programm kann auch <strong>runtergeladen<\/strong> werden:http:\/\/www.junges-innsbruck.at\/index.php?id=45<\/p>\n<p>Es empfiehlt sich schnelle Entscheidungen zu treffen und unverz\u00fcglich anzumelden &#8211; manche Kurse sind sofort ausgebucht!<\/p>\n<h2>TeenXpress Kontakt<\/h2>\n<p>Telefon:<br \/>\nFrau Birgit Hofbauer +43\/512\/53 60 &#8211; 4226<br \/>\nFrau Karin Candaten 0043\/512\/53 60 -4224<br \/>\nbirgit.hofbauer@magibk.at<br \/>\nwww.junges-innsbruck.at<br \/>\nwww.facebook.com\/innsbruckerferienzug<\/p>\n","protected":false},"excerpt":{"rendered":"<p>TeenXpress Innsbruck &#8211; das aktuelle Programm f\u00fcr die Sommerferien gibt es ab 24. Juni 2013! Betreuung f\u00fcr 13 bis 17j\u00e4hrige vom 5. Juli bis 7. September 2013! Der Innsbrucker TeenXpress bietet Betreuung in den Ferien und wird seit 1988 von der Stadt Innsbruck initiiert. <a class=\"more-link\" href=\"https:\/\/www.weli.at\/kinder\/teenxpress-ferien-betreuung\/\">TeenXpress Ferien Betreuung<\/a><\/p>\n","protected":false},"author":2,"featured_media":0,"comment_status":"closed","ping_status":"open","sticky":false,"template":"","format":"standard","meta":{"_et_pb_use_builder":"","_et_pb_old_content":"","_et_gb_content_width":""},"categories":[25,43],"tags":[119],"_links":{"self":[{"href":"https:\/\/www.weli.at\/kinder\/wp-json\/wp\/v2\/posts\/3553"}],"collection":[{"href":"https:\/\/www.weli.at\/kinder\/wp-json\/wp\/v2\/posts"}],"about":[{"href":"https:\/\/www.weli.at\/kinder\/wp-json\/wp\/v2\/types\/post"}],"author":[{"embeddable":true,"href":"https:\/\/www.weli.at\/kinder\/wp-json\/wp\/v2\/users\/2"}],"replies":[{"embeddable":true,"href":"https:\/\/www.weli.at\/kinder\/wp-json\/wp\/v2\/comments?post=3553"}],"version-history":[{"count":0,"href":"https:\/\/www.weli.at\/kinder\/wp-json\/wp\/v2\/posts\/3553\/revisions"}],"wp:attachment":[{"href":"https:\/\/www.weli.at\/kinder\/wp-json\/wp\/v2\/media?parent=3553"}],"wp:term":[{"taxonomy":"category","embeddable":true,"href":"https:\/\/www.weli.at\/kinder\/wp-json\/wp\/v2\/categories?post=3553"},{"taxonomy":"post_tag","embeddable":true,"href":"https:\/\/www.weli.at\/kinder\/wp-json\/wp\/v2\/tags?post=3553"}],"curies":[{"name":"wp","href":"https:\/\/api.w.org\/{rel}","templated":true}]}}