{"id":366,"date":"2010-03-26T22:09:07","date_gmt":"2010-03-26T21:09:07","guid":{"rendered":"http:\/\/www.weli.at\/kinder\/?p=366"},"modified":"2015-10-12T11:18:25","modified_gmt":"2015-10-12T11:18:25","slug":"kindergeburtstag-im-mc-donalds","status":"publish","type":"post","link":"https:\/\/www.weli.at\/kinder\/kindergeburtstag-im-mc-donalds\/","title":{"rendered":"Kindergeburtstag im Mc Donalds"},"content":{"rendered":"<p>Kinder zwischen 3 und 10 Jahren k\u00f6nnen bei Mc Donalds ihren Geburtstag feiern.<\/p>\n<p>Kosten: pauschal 15,&#8211;, Essen und Trinken je nach Konsumation, Torte gegen Aufpreis.<\/p>\n<p>Dauer: 1 1\/2 Stunden<\/p>\n<p>Das Geburtstagskind erh\u00e4lt ein gr\u00f6\u00dferes\u00a0 Geschenk, die G\u00e4ste ein kleines.<\/p>\n<p>Betreuung durch geschultes Personal, das mit den Kindern Spiele macht und bastelt.<\/p>\n<p>In Innsbruck, Amraserseestra\u00dfe 56, Telefon: 0512\/34 85 92<\/p>\n","protected":false},"excerpt":{"rendered":"<p>Kindergeburtstag Mc Donalds Innsbruck  <a class=\"more-link\" href=\"https:\/\/www.weli.at\/kinder\/kindergeburtstag-im-mc-donalds\/\">Kindergeburtstag im Mc Donalds<\/a><\/p>\n","protected":false},"author":2,"featured_media":0,"comment_status":"closed","ping_status":"open","sticky":false,"template":"","format":"standard","meta":{"_et_pb_use_builder":"","_et_pb_old_content":"","_et_gb_content_width":""},"categories":[33],"tags":[],"_links":{"self":[{"href":"https:\/\/www.weli.at\/kinder\/wp-json\/wp\/v2\/posts\/366"}],"collection":[{"href":"https:\/\/www.weli.at\/kinder\/wp-json\/wp\/v2\/posts"}],"about":[{"href":"https:\/\/www.weli.at\/kinder\/wp-json\/wp\/v2\/types\/post"}],"author":[{"embeddable":true,"href":"https:\/\/www.weli.at\/kinder\/wp-json\/wp\/v2\/users\/2"}],"replies":[{"embeddable":true,"href":"https:\/\/www.weli.at\/kinder\/wp-json\/wp\/v2\/comments?post=366"}],"version-history":[{"count":0,"href":"https:\/\/www.weli.at\/kinder\/wp-json\/wp\/v2\/posts\/366\/revisions"}],"wp:attachment":[{"href":"https:\/\/www.weli.at\/kinder\/wp-json\/wp\/v2\/media?parent=366"}],"wp:term":[{"taxonomy":"category","embeddable":true,"href":"https:\/\/www.weli.at\/kinder\/wp-json\/wp\/v2\/categories?post=366"},{"taxonomy":"post_tag","embeddable":true,"href":"https:\/\/www.weli.at\/kinder\/wp-json\/wp\/v2\/tags?post=366"}],"curies":[{"name":"wp","href":"https:\/\/api.w.org\/{rel}","templated":true}]}}