{"id":3729,"date":"2013-09-12T23:31:14","date_gmt":"2013-09-12T21:31:14","guid":{"rendered":"http:\/\/www.weli.at\/kinder\/?p=3729"},"modified":"2015-10-12T11:20:55","modified_gmt":"2015-10-12T11:20:55","slug":"integrativer-kindergarten-saggen","status":"publish","type":"post","link":"https:\/\/www.weli.at\/kinder\/integrativer-kindergarten-saggen\/","title":{"rendered":"Integrativer Kindergarten Saggen"},"content":{"rendered":"<p>Der <strong> st\u00e4dtische Kindergarten <\/strong> in Saggen ist ein integrativer Kindergarten und befindet sich in der Ing.-Eztel-Stra\u00dfe 71.<!--more--><\/p>\n<p>Der p\u00e4dagogische Ansatz des Integrativen Kindergartens orientiert sich an:<br \/>\n    Bewegungskindergarten \u2013 Renate Zimmer<br \/>\n    Grunds\u00e4tze der Motop\u00e4dagogik \u2013Kiphard<br \/>\n    dem ganzheitlich sinnorientierten Ansatz nach Franz Kett<\/p>\n<p>P\u00e4dagogische Ziele:<br \/>\nDurch allt\u00e4gliches Handeln die Kinder zum eigenst\u00e4ndigen Treffen von Entscheidungen hinzuf\u00fchren und die daraus entstehenden m\u00f6glichen Konsequenzen abzuw\u00e4gen, anzunehmen und zu tragen.Dadurch entwickeln Kinder Selbstkompetenz im eigenen Handeln und Entscheiden.<br \/>\n    Respektvoller Umgang mit Anderen \u2013 Achtung vor dem Anderen<br \/>\n    eigene Grenzen wahrnehmen und sp\u00fcren lernen, aber auch die der Anderen akzeptieren<br \/>\n    Jedem Kind vermitteln, dass seine Entscheidungen akzeptiert werden<\/p>\n<p>Selbstverst\u00e4ndliche Grunds\u00e4tze sind<br \/>\n    \u201eHilf mir es selbst zu tun\u201c (Maria Montessori)<br \/>\n    \u201eWege zum selbstbestimmten Lernen\u201c (Emmi Pikler)<br \/>\n    \u201eVon den St\u00e4rken ausgehen\u201c (Motop\u00e4dagogik)<\/p>\n<p>Bewegung ist elementarer Bestandteil der Pers\u00f6nlichkeitsentwicklung eines Kindes und diese steht in engem Zusammenhang zu Bereichen seines Lebens und der Umwelt.<\/p>\n<h2>\u00d6ffnungszeiten Kindergarten Saggen:<\/h2>\n<p>7.00 bis 14.00, mit Mittagstisch.<\/p>\n<h2>Leitung Kindergarten Saggen:<\/h2>\n<p>Cornelia Pichler<\/p>\n<h2>Kosten Kindergarten Saggen:<\/h2>\n<p>Kinder von 2 bis 4 Jahren: bis 14.00 34,&#8211;,  ganztags 59,&#8211;, Mittagessen 3,40 p.d.<br \/>\nKinder von 4 bis 6 Jahren: bis 14.00 kostenlos, ganztags 29,&#8211;, Mittagessen 3,40 p.d.<\/p>\n<h2>Kontakt Kindergarten Saggen:<\/h2>\n<p>Telefon 0664\/ 88344503<br \/>\nkg.integrativ@innsbruck.gv.at<br \/>\nhttp:\/\/www.innsbruck.gv.at\/page.cfm?vpath=bildung&#8211;kultur\/kindergaerten\/uebersicht-kindergaerten&#038;genericpageid=2758<\/p>\n","protected":false},"excerpt":{"rendered":"<p>Der st\u00e4dtische Kindergarten in Saggen ist ein integrativer Kindergarten und befindet sich in der Ing.-Eztel-Stra\u00dfe 71. <a class=\"more-link\" href=\"https:\/\/www.weli.at\/kinder\/integrativer-kindergarten-saggen\/\">Integrativer Kindergarten Saggen<\/a><\/p>\n","protected":false},"author":2,"featured_media":0,"comment_status":"closed","ping_status":"open","sticky":false,"template":"","format":"standard","meta":{"_et_pb_use_builder":"","_et_pb_old_content":"","_et_gb_content_width":""},"categories":[43,44],"tags":[],"_links":{"self":[{"href":"https:\/\/www.weli.at\/kinder\/wp-json\/wp\/v2\/posts\/3729"}],"collection":[{"href":"https:\/\/www.weli.at\/kinder\/wp-json\/wp\/v2\/posts"}],"about":[{"href":"https:\/\/www.weli.at\/kinder\/wp-json\/wp\/v2\/types\/post"}],"author":[{"embeddable":true,"href":"https:\/\/www.weli.at\/kinder\/wp-json\/wp\/v2\/users\/2"}],"replies":[{"embeddable":true,"href":"https:\/\/www.weli.at\/kinder\/wp-json\/wp\/v2\/comments?post=3729"}],"version-history":[{"count":0,"href":"https:\/\/www.weli.at\/kinder\/wp-json\/wp\/v2\/posts\/3729\/revisions"}],"wp:attachment":[{"href":"https:\/\/www.weli.at\/kinder\/wp-json\/wp\/v2\/media?parent=3729"}],"wp:term":[{"taxonomy":"category","embeddable":true,"href":"https:\/\/www.weli.at\/kinder\/wp-json\/wp\/v2\/categories?post=3729"},{"taxonomy":"post_tag","embeddable":true,"href":"https:\/\/www.weli.at\/kinder\/wp-json\/wp\/v2\/tags?post=3729"}],"curies":[{"name":"wp","href":"https:\/\/api.w.org\/{rel}","templated":true}]}}