{"id":3751,"date":"2013-09-19T19:42:03","date_gmt":"2013-09-19T17:42:03","guid":{"rendered":"http:\/\/www.weli.at\/kinder\/?p=3751"},"modified":"2015-10-12T11:20:54","modified_gmt":"2015-10-12T11:20:54","slug":"kindergarten-kranebitten","status":"publish","type":"post","link":"https:\/\/www.weli.at\/kinder\/kindergarten-kranebitten\/","title":{"rendered":"Kindergarten Kranebitten"},"content":{"rendered":"<p>Der Bau f\u00fcr den <strong>st\u00e4dtische Kindergarten<\/strong> Kranebitten wird erst im Sommer 2014 begonnen.<\/p>\n<p>Seit Jahren gibt es Bem\u00fchungen im Stadtteil Kranebitten einen Kindergarten anzusiedeln. Aufgrund der zu erwartenden Bev\u00f6lkerungszunahme sowie geplanten Wohnbauvorhaben wurden die Pl\u00e4ne f\u00fcr einen zweigruppigen st\u00e4dtischen Kindergarten im westlichen Innsbrucker Stadtteil nun konkret. <!--more--><\/p>\n<p>Der zuk\u00fcnftige Kindergarten wird aus einem flachen L-f\u00f6rmigen Bauk\u00f6rper bestehen, der mit zwei weiteren schmalen Dachfl\u00e4chen im S\u00fcden und im Westen zu einem rechteckigen Hof verschlossen wird. In der Mitte dieses Rechteckes entsteht eine gro\u00dfe baumbestandene Rasenspielfl\u00e4che f\u00fcr die Kinder. Im Norden an den Eingangsbereich angeordnet, befinden sich der Bewegungsraum sowie die Gruppenr\u00e4ume. S\u00fcdlich vom Eingang sind die Allgemeinr\u00e4ume wie K\u00fcche, Verwaltung und Ruheraum situiert. Die Au\u00dfen- und Innenfl\u00e4chen f\u00fcgen sich zu einer stimmigen Gesamtkonzeption auf hohem architektonischen Niveau zusammen.<\/p>\n<p>Auch eine k\u00fcnftige Erweiterung des zweigruppigen Kindergartens um eine weitere Gruppe ist m\u00f6glich. Im Zuge der Errichtung des Kindergartens wird der bestehende Sportplatz nach Westen verlegt.<\/p>\n","protected":false},"excerpt":{"rendered":"<p>Der Bau f\u00fcr den st\u00e4dtische Kindergarten Kranebitten wird erst im Sommer 2014 begonnen. Seit Jahren gibt es Bem\u00fchungen im Stadtteil Kranebitten einen Kindergarten anzusiedeln. Aufgrund der zu erwartenden Bev\u00f6lkerungszunahme sowie geplanten Wohnbauvorhaben wurden die Pl\u00e4ne f\u00fcr einen zweigruppigen st\u00e4dtischen Kindergarten im westlichen Innsbrucker Stadtteil nun konkret. <a class=\"more-link\" href=\"https:\/\/www.weli.at\/kinder\/kindergarten-kranebitten\/\">Kindergarten Kranebitten<\/a><\/p>\n","protected":false},"author":2,"featured_media":0,"comment_status":"closed","ping_status":"open","sticky":false,"template":"","format":"standard","meta":{"_et_pb_use_builder":"","_et_pb_old_content":"","_et_gb_content_width":""},"categories":[43,44],"tags":[],"_links":{"self":[{"href":"https:\/\/www.weli.at\/kinder\/wp-json\/wp\/v2\/posts\/3751"}],"collection":[{"href":"https:\/\/www.weli.at\/kinder\/wp-json\/wp\/v2\/posts"}],"about":[{"href":"https:\/\/www.weli.at\/kinder\/wp-json\/wp\/v2\/types\/post"}],"author":[{"embeddable":true,"href":"https:\/\/www.weli.at\/kinder\/wp-json\/wp\/v2\/users\/2"}],"replies":[{"embeddable":true,"href":"https:\/\/www.weli.at\/kinder\/wp-json\/wp\/v2\/comments?post=3751"}],"version-history":[{"count":0,"href":"https:\/\/www.weli.at\/kinder\/wp-json\/wp\/v2\/posts\/3751\/revisions"}],"wp:attachment":[{"href":"https:\/\/www.weli.at\/kinder\/wp-json\/wp\/v2\/media?parent=3751"}],"wp:term":[{"taxonomy":"category","embeddable":true,"href":"https:\/\/www.weli.at\/kinder\/wp-json\/wp\/v2\/categories?post=3751"},{"taxonomy":"post_tag","embeddable":true,"href":"https:\/\/www.weli.at\/kinder\/wp-json\/wp\/v2\/tags?post=3751"}],"curies":[{"name":"wp","href":"https:\/\/api.w.org\/{rel}","templated":true}]}}