{"id":3843,"date":"2013-11-06T19:36:03","date_gmt":"2013-11-06T18:36:03","guid":{"rendered":"http:\/\/www.weli.at\/kinder\/?p=3843"},"modified":"2015-10-12T11:20:53","modified_gmt":"2015-10-12T11:20:53","slug":"schuler-hort-wilten","status":"publish","type":"post","link":"https:\/\/www.weli.at\/kinder\/schuler-hort-wilten\/","title":{"rendered":"Sch\u00fcler Hort Wilten"},"content":{"rendered":"<p>Das BetreuerInnenteam des Sch\u00fclerhortes Wilten arbeitet nach der p\u00e4dagogischen Konzeption des \u201eOffenen Ansatzes\u201c nach Gerhard Regel \/ Thomas K\u00fchne.<\/p>\n<p>Die wichtigsten Ziele dieses Ansatzes sind:<!--more--><\/p>\n<ul>\n<li>Eigenverantwortlichkeit<\/li>\n<li>Selbstst\u00e4ndigkeit<\/li>\n<li>Verantwortungsgef\u00fchl<\/li>\n<li>gezieltes, geplantes und selbst organisiertes Arbeiten<\/li>\n<li>Erlebnis- und Bed\u00fcrfnisorientierung<\/li>\n<li>Teamarbeit und Teamf\u00e4higkeit<\/li>\n<li>Demokratie leben und erleben<\/li>\n<li>Ver\u00e4nderungen zulassen und weiterentwickeln<\/li>\n<\/ul>\n<p>Daraus entwickelten die P\u00e4dagogInnen die Werte, welche die Basis f\u00fcr die Arbeit mit den Hortkindern bilden:<\/p>\n<ul>\n<li>Respekt<\/li>\n<li>Akzeptanz<\/li>\n<li>Achtung<\/li>\n<li>Gemeinschaft<\/li>\n<li>Wertsch\u00e4tzung<\/li>\n<\/ul>\n<p>Die P\u00e4dagogInnen<\/p>\n<ul>\n<li>unterst\u00fctzen die Kinder in der freien Entfaltung ihres Seins<\/li>\n<li>bieten individuelle Lernbegleitung<\/li>\n<li>achten auf ein partnerschaftliches, gewaltfreies und gleichberechtigtes Miteinander<\/li>\n<li>schaffen M\u00f6glichkeiten, Spa\u00df und Freude, Kreativit\u00e4t und Bewegung auszuleben<\/li>\n<\/ul>\n<h2>Kosten Sch\u00fclerhort Wilten<\/h2>\n<p>\u20ac 40,&#8211; pro Monat f\u00fcr 1 bis 2 Tage pro Woche<br \/>\n\u20ac 59,&#8211; pro Monat f\u00fcr 3 bis 5 Tage pro Woche<br \/>\nMittagstisch \u20ac 3,40 pro Mittagessen<\/p>\n<h2>\u00d6ffnungszeiten Sch\u00fclerhort Wilten<\/h2>\n<p>Nachmittagsbetreuung Montag bis Freitag 11.00 bis 18.00 Uhr<br \/>\nmit Mittagstisch<\/p>\n<h2>Erm\u00e4\u00dfigung Sch\u00fclerhort Wilten<\/h2>\n<p>Ansuchen direkt an das Amt f\u00fcr Kinder- und Jugendbetreuung<\/p>\n<h2>Kontakt Sch\u00fclerhort Wilten<\/h2>\n<p>Michael-Gaismayrstra\u00dfe 4<br \/>\nTelefon: 0664\/ 88344525<br \/>\nLeitung: Karin Juen<br \/>\nE-Mail: sh.wilten@innsbruck.gv.at<br \/>\nhttp:\/\/www.innsbruck.gv.at\/page.cfm?vpath=bildung&#8211;kultur\/nachmittagsbetreuung\/uebersicht-schuelerhorte&#038;genericpageid=2784<\/p>\n","protected":false},"excerpt":{"rendered":"<p>Das BetreuerInnenteam des Sch\u00fclerhortes Wilten arbeitet nach der p\u00e4dagogischen Konzeption des \u201eOffenen Ansatzes\u201c nach Gerhard Regel \/ Thomas K\u00fchne. Die wichtigsten Ziele dieses Ansatzes sind: <a class=\"more-link\" href=\"https:\/\/www.weli.at\/kinder\/schuler-hort-wilten\/\">Sch\u00fcler Hort Wilten<\/a><\/p>\n","protected":false},"author":2,"featured_media":0,"comment_status":"closed","ping_status":"open","sticky":false,"template":"","format":"standard","meta":{"_et_pb_use_builder":"","_et_pb_old_content":"","_et_gb_content_width":""},"categories":[43,46,61],"tags":[185],"_links":{"self":[{"href":"https:\/\/www.weli.at\/kinder\/wp-json\/wp\/v2\/posts\/3843"}],"collection":[{"href":"https:\/\/www.weli.at\/kinder\/wp-json\/wp\/v2\/posts"}],"about":[{"href":"https:\/\/www.weli.at\/kinder\/wp-json\/wp\/v2\/types\/post"}],"author":[{"embeddable":true,"href":"https:\/\/www.weli.at\/kinder\/wp-json\/wp\/v2\/users\/2"}],"replies":[{"embeddable":true,"href":"https:\/\/www.weli.at\/kinder\/wp-json\/wp\/v2\/comments?post=3843"}],"version-history":[{"count":0,"href":"https:\/\/www.weli.at\/kinder\/wp-json\/wp\/v2\/posts\/3843\/revisions"}],"wp:attachment":[{"href":"https:\/\/www.weli.at\/kinder\/wp-json\/wp\/v2\/media?parent=3843"}],"wp:term":[{"taxonomy":"category","embeddable":true,"href":"https:\/\/www.weli.at\/kinder\/wp-json\/wp\/v2\/categories?post=3843"},{"taxonomy":"post_tag","embeddable":true,"href":"https:\/\/www.weli.at\/kinder\/wp-json\/wp\/v2\/tags?post=3843"}],"curies":[{"name":"wp","href":"https:\/\/api.w.org\/{rel}","templated":true}]}}