{"id":3957,"date":"2013-12-24T21:18:18","date_gmt":"2013-12-24T20:18:18","guid":{"rendered":"http:\/\/www.weli.at\/kinder\/?p=3957"},"modified":"2015-10-12T11:20:50","modified_gmt":"2015-10-12T11:20:50","slug":"tagesheim-volksschule-neu-arzl","status":"publish","type":"post","link":"https:\/\/www.weli.at\/kinder\/tagesheim-volksschule-neu-arzl\/","title":{"rendered":"Tagesheim Volksschule Neu Arzl"},"content":{"rendered":"<p>Die Anmeldung f\u00fcr das Tagesheim gilt verpflichtend f\u00fcr das betreffende Semester beziehungsweise Unterrichtsjahr. <!--more--><\/p>\n<p><strong><br \/>\n\u00d6ffnungszeiten Volksschule Neu Arzl<\/strong><br \/>\nMontag &#8211; Donnerstag: 11:45 &#8211; 17:15<br \/>\nFreitag: 11:45 &#8211; 16:00<\/p>\n<p><strong>Kosten Volksschule Neu Arzl<\/strong><br \/>\n1 \u2013 2 Tage:    26,25 \u20ac + 4,40 \u20ac\/Tag (Mittagessen)<br \/>\n3 \u2013 5 Tage:    35,00 \u20ac + 4,40 \u20ac\/Tag (Mittagessen)<\/p>\n<p><strong>Erm\u00e4\u00dfigung Volksschule Neu Arzl<\/strong><br \/>\nDer Elternbeitrag und der Beitrag f\u00fcr das Mittagessen kann bei Vorliegen bestimmter Einkommensgrenzen erm\u00e4\u00dfigt werden. N\u00e4here Ausk\u00fcnfte erteilt Ihnen das Amt f\u00fcr Erziehung, Bildung und Gesundheit:<br \/>\nMaria-Theresien-Str.18, 4.Stock., Zi. 4206 oder 4209,<br \/>\nTelefon: 5360\/4206 oder 4209,<br \/>\npost.schulverwaltung@innsbruck.gv.at<\/p>\n<p><strong>Kontakt Volksschule Neu Arzl<\/strong><br \/>\nVS-Neuarzl<br \/>\nRotadlerstr. 10<br \/>\n6020 Innsbruck<br \/>\nTelefon: 0512\/26 15 80<br \/>\ndirektion(at)vs-neuarzl1.tsn.at<\/p>\n","protected":false},"excerpt":{"rendered":"<p>Die Anmeldung f\u00fcr das Tagesheim gilt verpflichtend f\u00fcr das betreffende Semester beziehungsweise Unterrichtsjahr. <a class=\"more-link\" href=\"https:\/\/www.weli.at\/kinder\/tagesheim-volksschule-neu-arzl\/\">Tagesheim Volksschule Neu Arzl<\/a><\/p>\n","protected":false},"author":2,"featured_media":0,"comment_status":"closed","ping_status":"open","sticky":false,"template":"","format":"standard","meta":{"_et_pb_use_builder":"","_et_pb_old_content":"","_et_gb_content_width":""},"categories":[43,70],"tags":[],"_links":{"self":[{"href":"https:\/\/www.weli.at\/kinder\/wp-json\/wp\/v2\/posts\/3957"}],"collection":[{"href":"https:\/\/www.weli.at\/kinder\/wp-json\/wp\/v2\/posts"}],"about":[{"href":"https:\/\/www.weli.at\/kinder\/wp-json\/wp\/v2\/types\/post"}],"author":[{"embeddable":true,"href":"https:\/\/www.weli.at\/kinder\/wp-json\/wp\/v2\/users\/2"}],"replies":[{"embeddable":true,"href":"https:\/\/www.weli.at\/kinder\/wp-json\/wp\/v2\/comments?post=3957"}],"version-history":[{"count":0,"href":"https:\/\/www.weli.at\/kinder\/wp-json\/wp\/v2\/posts\/3957\/revisions"}],"wp:attachment":[{"href":"https:\/\/www.weli.at\/kinder\/wp-json\/wp\/v2\/media?parent=3957"}],"wp:term":[{"taxonomy":"category","embeddable":true,"href":"https:\/\/www.weli.at\/kinder\/wp-json\/wp\/v2\/categories?post=3957"},{"taxonomy":"post_tag","embeddable":true,"href":"https:\/\/www.weli.at\/kinder\/wp-json\/wp\/v2\/tags?post=3957"}],"curies":[{"name":"wp","href":"https:\/\/api.w.org\/{rel}","templated":true}]}}