{"id":4162,"date":"2014-04-24T21:56:45","date_gmt":"2014-04-24T19:56:45","guid":{"rendered":"http:\/\/www.weli.at\/kinder\/?p=4162"},"modified":"2015-10-10T11:58:08","modified_gmt":"2015-10-10T11:58:08","slug":"tagesheim-volksschule-reichenau","status":"publish","type":"post","link":"https:\/\/www.weli.at\/kinder\/tagesheim-volksschule-reichenau\/","title":{"rendered":"Tagesheim Volksschule Reichenau"},"content":{"rendered":"<p>An der Volksschule Reichenau gibt es f\u00fcr die Kinder der Schule seit September 2004 die M\u00f6glichkeit einer Nachmittagsbetreuung mit Mittagstisch. Im Juni 2008 erhielt die Schule f\u00fcr die schulische Tagesbetreuung den &#8222;Best Practice School&#8220;  Preis&#8220; vom Bundesministerium verliehen.<!--more--><\/p>\n<h2>\u00d6ffnungszeiten Tagesheim Reichenau<\/h2>\n<p>Von Montag bis Donnerstag, in der Zeit von 11:45 Uhr bis 17:15 Uhr,<br \/>\nund am Freitag von 11:45 Uhr bis 16:00 Uhr<br \/>\nVon Montag bis Donnerstag k\u00f6nnen die Kinder auf Wunsch der Eltern ab 16:20 Uhr entlassen werden.<br \/>\nAn schulfreien Tagen und in den Ferien bleibt das Tagesheim geschlossen.<br \/>\nEine Betreuung in den Ferien wird in schulfremden Einrichtungen angeboten. <\/p>\n<p>Leiterin des Tagesheims ist Frau Dipl. P\u00e4d. Elfriede Thurner.<br \/>\nDer Betreuungsteil umfasst die Bereiche Lernzeit und Freizeit, das Mittagessen gibt es in der schuleigenen K\u00fcche.<br \/>\nDie Betreuung der Lernzeit erfolgt durch Lehrpersonen.<br \/>\nF\u00fcr die Freizeit k\u00f6nnten auch ErzieherInnen eingesetzt werden.<\/p>\n<h2>Kosten Volksschule Reichenau<\/h2>\n<p>\u20ac 35,00 pro Monat f\u00fcr 3 &#8211; 5 Tage (Erm\u00e4\u00dfigungen m\u00f6glich)<br \/>\n\u20ac 26,50 pro Monat f\u00fcr 1 &#8211; 2 Tage (Erm\u00e4\u00dfigungen m\u00f6glich)<br \/>\n\u20ac  4,40 t\u00e4glich f\u00fcr das Mittagessen<br \/>\n\u20ac  5,50 pro Monat Abrechnungspauschale   <\/p>\n<h2>Erm\u00e4\u00dfigung Volksschule Reichenau<\/h2>\n<p>Der Elternbeitrag und der Beitrag f\u00fcr das Mittagessen kann bei Vorliegen bestimmter Einkommensgrenzen erm\u00e4\u00dfigt werden. N\u00e4here Ausk\u00fcnfte erteilt Ihnen das Amt f\u00fcr Erziehung, Bildung und Gesundheit:<br \/>\nMaria-Theresien-Str.18, 4.Stock., Zi. 4206 oder 4209,<br \/>\nTelefon: 5360\/4206 oder 4209,<br \/>\npost.schulverwaltung@innsbruck.gv.at<\/p>\n<h2>Kontakt Volksschule Reichenau<\/h2>\n<p>VS Reichenau<br \/>\nW\u00f6rndlestra\u00dfe 3<br \/>\n6020 Innsbruck<br \/>\nTelefon 0043-(0)512-344277<br \/>\nFax 0043-(0)512-344277<br \/>\ndirektion@vs-reichenau.tsn.at<br \/>\nwww.vs-reichenau.tsn.at<\/p>\n","protected":false},"excerpt":{"rendered":"<p>An der Volksschule Reichenau gibt es f\u00fcr die Kinder der Schule seit September 2004 die M\u00f6glichkeit einer Nachmittagsbetreuung mit Mittagstisch. Im Juni 2008 erhielt die Schule f\u00fcr die schulische Tagesbetreuung den &#8222;Best Practice School&#8220; Preis&#8220; vom Bundesministerium verliehen. <a class=\"more-link\" href=\"https:\/\/www.weli.at\/kinder\/tagesheim-volksschule-reichenau\/\">Tagesheim Volksschule Reichenau<\/a><\/p>\n","protected":false},"author":2,"featured_media":0,"comment_status":"closed","ping_status":"open","sticky":false,"template":"","format":"standard","meta":{"_et_pb_use_builder":"","_et_pb_old_content":"","_et_gb_content_width":""},"categories":[43,61,70],"tags":[],"_links":{"self":[{"href":"https:\/\/www.weli.at\/kinder\/wp-json\/wp\/v2\/posts\/4162"}],"collection":[{"href":"https:\/\/www.weli.at\/kinder\/wp-json\/wp\/v2\/posts"}],"about":[{"href":"https:\/\/www.weli.at\/kinder\/wp-json\/wp\/v2\/types\/post"}],"author":[{"embeddable":true,"href":"https:\/\/www.weli.at\/kinder\/wp-json\/wp\/v2\/users\/2"}],"replies":[{"embeddable":true,"href":"https:\/\/www.weli.at\/kinder\/wp-json\/wp\/v2\/comments?post=4162"}],"version-history":[{"count":0,"href":"https:\/\/www.weli.at\/kinder\/wp-json\/wp\/v2\/posts\/4162\/revisions"}],"wp:attachment":[{"href":"https:\/\/www.weli.at\/kinder\/wp-json\/wp\/v2\/media?parent=4162"}],"wp:term":[{"taxonomy":"category","embeddable":true,"href":"https:\/\/www.weli.at\/kinder\/wp-json\/wp\/v2\/categories?post=4162"},{"taxonomy":"post_tag","embeddable":true,"href":"https:\/\/www.weli.at\/kinder\/wp-json\/wp\/v2\/tags?post=4162"}],"curies":[{"name":"wp","href":"https:\/\/api.w.org\/{rel}","templated":true}]}}