{"id":4166,"date":"2014-04-28T07:57:20","date_gmt":"2014-04-28T05:57:20","guid":{"rendered":"http:\/\/www.weli.at\/kinder\/?p=4166"},"modified":"2015-10-10T11:58:08","modified_gmt":"2015-10-10T11:58:08","slug":"tagesheim-volksschule-saggen-siebererschule","status":"publish","type":"post","link":"https:\/\/www.weli.at\/kinder\/tagesheim-volksschule-saggen-siebererschule\/","title":{"rendered":"Tagesheim Volksschule Saggen Siebererschule"},"content":{"rendered":"<p>Direkt nach dem Unterricht kommen die Kinder in ihre Gruppenr\u00e4ume im Erdgeschoss. Je nach Unterrichtsende gehen die einzelnen Gruppen noch eine Stunde in unseren Schulgarten. So haben die Kinder die M\u00f6glichkeit aufgestaute Energien in Bewegung umzusetzen und sich vom Schulalltag zu erholen. Im Anschluss bekommen die Kinder im Speisesaal das Mittagessen.<!--more--><br \/>\nAb 13:30 beginnt die individuelle Lernzeit. Die Kinder haben ca. eine Stunde Zeit um ihre Haus\u00fcbungen zu erledigen und anfallenden Stoff zu lernen. Sind die Sch\u00fcler mit ihren Aufgaben fr\u00fcher fertig, erhalten sie ein \u00dcbungsblatt, das inhaltlich individuell auf den Sch\u00fcler und seinen Lernstand abgestimmt ist.<br \/>\nNach der Haus\u00fcbung haben die Kinder die M\u00f6glichkeit sich zur\u00fcckzuziehen und zu entspannen, oder ihrem Spielbed\u00fcrfnis nachzukommen.<br \/>\nUm 15:20 Uhr beginnt die Gemeinschaftszeit, die von den Lehrern abwechslungsreich und auf die Gruppe abgestimmt gestaltet wird.<br \/>\nBesonders in der Nachmittagsbetreuung ist es uns ein gro\u00dfes Anliegen den Kindern viel Bewegung und frische Luft zu bieten. In diesem Sinne wird der weitl\u00e4ufige und mit einem Kletterger\u00fcst ausgestattete Schulgarten regelm\u00e4\u00dfig gen\u00fctzt.<\/p>\n<p>Das Tagesheim der VS Saggen wurde 2008 aufgrund verschiedenster Aktivt\u00e4ten und des qualitativ hochwertigen Angebots mit dem G\u00fctesiegel \u201eKompetenz-zentrum f\u00fcr schulische Tagesbetreuung\u201c vom Bundesministerium f\u00fcr Unterricht und Kunst ausgezeichnet.<\/p>\n<h2>\u00d6ffnungszeiten Tagesheim Saggen<\/h2>\n<p>Im Tagesheim werden Kinder aller Schulstufen von 11:45 Uhr (im Anschluss an die 4. Schulstunde) bis 17:15 Uhr betreut. Am Freitag ist das Tagesheim bis 16:00 Uhr ge\u00f6ffnet.    <\/p>\n<h2>Kosten Volksschule Saggen<\/h2>\n<p>\u20ac 35,00 pro Monat f\u00fcr 3 &#8211; 5 Tage (Erm\u00e4\u00dfigungen m\u00f6glich)<br \/>\n\u20ac 26,50 pro Monat f\u00fcr 1 &#8211; 2 Tage (Erm\u00e4\u00dfigungen m\u00f6glich)<br \/>\n\u20ac  4,40 t\u00e4glich f\u00fcr das Mittagessen<br \/>\n\u20ac  5,50 pro Monat Abrechnungspauschale   <\/p>\n<h2>Erm\u00e4\u00dfigung Volksschule Saggen<\/h2>\n<p>Der Elternbeitrag und der Beitrag f\u00fcr das Mittagessen kann bei Vorliegen bestimmter Einkommensgrenzen erm\u00e4\u00dfigt werden. N\u00e4here Ausk\u00fcnfte erteilt Ihnen das Amt f\u00fcr Erziehung, Bildung und Gesundheit:<br \/>\nMaria-Theresien-Str.18, 4.Stock., Zi. 4206 oder 4209,<br \/>\nTelefon: 5360\/4206 oder 4209,<br \/>\npost.schulverwaltung@innsbruck.gv.at<\/p>\n<h2>Kontakt Volksschule Saggen<\/h2>\n<p>Siebererschule<br \/>\nLeiterin Theresa Laner (0664-8664489)<\/p>\n","protected":false},"excerpt":{"rendered":"<p>Direkt nach dem Unterricht kommen die Kinder in ihre Gruppenr\u00e4ume im Erdgeschoss. Je nach Unterrichtsende gehen die einzelnen Gruppen noch eine Stunde in unseren Schulgarten. So haben die Kinder die M\u00f6glichkeit aufgestaute Energien in Bewegung umzusetzen und sich vom Schulalltag zu erholen. Im Anschluss bekommen die Kinder im Speisesaal das Mittagessen. <a class=\"more-link\" href=\"https:\/\/www.weli.at\/kinder\/tagesheim-volksschule-saggen-siebererschule\/\">Tagesheim Volksschule Saggen Siebererschule<\/a><\/p>\n","protected":false},"author":2,"featured_media":0,"comment_status":"closed","ping_status":"open","sticky":false,"template":"","format":"standard","meta":{"_et_pb_use_builder":"","_et_pb_old_content":"","_et_gb_content_width":""},"categories":[43,61,70],"tags":[],"_links":{"self":[{"href":"https:\/\/www.weli.at\/kinder\/wp-json\/wp\/v2\/posts\/4166"}],"collection":[{"href":"https:\/\/www.weli.at\/kinder\/wp-json\/wp\/v2\/posts"}],"about":[{"href":"https:\/\/www.weli.at\/kinder\/wp-json\/wp\/v2\/types\/post"}],"author":[{"embeddable":true,"href":"https:\/\/www.weli.at\/kinder\/wp-json\/wp\/v2\/users\/2"}],"replies":[{"embeddable":true,"href":"https:\/\/www.weli.at\/kinder\/wp-json\/wp\/v2\/comments?post=4166"}],"version-history":[{"count":0,"href":"https:\/\/www.weli.at\/kinder\/wp-json\/wp\/v2\/posts\/4166\/revisions"}],"wp:attachment":[{"href":"https:\/\/www.weli.at\/kinder\/wp-json\/wp\/v2\/media?parent=4166"}],"wp:term":[{"taxonomy":"category","embeddable":true,"href":"https:\/\/www.weli.at\/kinder\/wp-json\/wp\/v2\/categories?post=4166"},{"taxonomy":"post_tag","embeddable":true,"href":"https:\/\/www.weli.at\/kinder\/wp-json\/wp\/v2\/tags?post=4166"}],"curies":[{"name":"wp","href":"https:\/\/api.w.org\/{rel}","templated":true}]}}