{"id":4176,"date":"2014-05-07T15:31:44","date_gmt":"2014-05-07T13:31:44","guid":{"rendered":"http:\/\/www.weli.at\/kinder\/?p=4176"},"modified":"2016-05-19T12:30:14","modified_gmt":"2016-05-19T12:30:14","slug":"tagesheim-neue-mittelschule-wilten","status":"publish","type":"post","link":"https:\/\/www.weli.at\/kinder\/tagesheim-neue-mittelschule-wilten\/","title":{"rendered":"Tagesheim Neue Mittelschule Wilten"},"content":{"rendered":"<p>Die Gestaltung der Nachmittagsbetreuung sieht drei Phasen vor: Gegenstandsbezogene Lernzeit, individuelle Lernzeit und Freizeit.<\/p>\n<p>Diese drei Phasen sind wie folgt an der Schule verteilt:<!--more--><\/p>\n<p>&nbsp;<\/p>\n<p class=\"bodytext\"><b>Betreuung zwischen Unterrichtsende und Mittagessen<\/b><\/p>\n<ul style=\"text-align: left;\">\n<li>Bewegung im Freien<\/li>\n<li>Kreatives Spielen<\/li>\n<li>Kooperationsspiele<\/li>\n<\/ul>\n<p>&nbsp;<\/p>\n<p><b>Mittagessen<\/b><br \/>\nDas dreig\u00e4ngige Men\u00fc wird\u00a0in der Michael-Gaismayr-Stra\u00dfe (unsere Nachbarschule)\u00a0eingenommen.<\/p>\n<p class=\"bodytext\"><b>Erholungsphase nach dem Mittagessen<\/b><\/p>\n<p class=\"bodytext\">\u00a0<b>Lernbetreuung<\/b><\/p>\n<ul style=\"text-align: left;\">\n<li>Hausaufgabenunterst\u00fctzung<\/li>\n<li>Lernunterst\u00fctzung bei der Lernbetreuung<\/li>\n<\/ul>\n<p>&nbsp;<\/p>\n<p class=\"bodytext\"><b>Freizeit<\/b><\/p>\n<ul style=\"text-align: left;\">\n<li>Sport und Bewegung<\/li>\n<li>Spiel und Spa\u00df<\/li>\n<li>Nutzung der gesamten Infrastruktur der Schule<\/li>\n<\/ul>\n<p>&nbsp;<\/p>\n<ul style=\"text-align: left;\">\n<li>Die Teilnahme an der Nachmittagsbetreuung umfasst auch die Einnahme des Mittagessens.<\/li>\n<li>Eine Abmeldung vom Mittagessen muss so rechtzeitig erfolgen (in der Regel einen Tag vorher), dass eine Abbestellung m\u00f6glich ist; ansonsten muss das Essen auch bei Nichtkonsumation bezahlt werden.<\/li>\n<\/ul>\n<p>&nbsp;<\/p>\n<ul style=\"text-align: left;\">\n<li>Die Abmeldung vom Tagesheimbetrieb ist laut Schulunterrichtsgesetz nur zu Semester- und Schulschluss zul\u00e4ssig.<\/li>\n<\/ul>\n<p>&nbsp;<\/p>\n<ul style=\"text-align: left;\">\n<li>Eine \u00c4nderung der regelm\u00e4\u00dfigen Besuchstage und des allenfalls damit verbundenen Elternbeitrages (auf zwei Tage oder von zwei auf mehrere Tage) ist zu jedem Monatsersten m\u00f6glich.<\/li>\n<\/ul>\n<p>&nbsp;<\/p>\n<h2>\u00d6ffnungszeiten<\/h2>\n<ul style=\"text-align: left;\">\n<li>Das Tagesheim endet Montag bis Donnerstag um ca. 16.00 Uhr, am Freitag nach dem Mittagessen.<\/li>\n<li>Innerhalb der obigen Zeiten kann ein Kind im begr\u00fcndeten Einzelfall die Tagesheimschule verlassen, wenn eine Erm\u00e4chtigung der Eltern vorliegt. Eine Entlassung des Kindes zum gew\u00fcnschten Termin ist dann nicht m\u00f6glich, wenn regul\u00e4rer Nachmittagsunterricht stattfindet, oder wenn sich die Kinder au\u00dferhalb des Schulgel\u00e4ndes aufhalten. In letzterem Fall muss das Kind von einer befugten Person am Aufenthaltsort abgeholt werden.<\/li>\n<\/ul>\n<p>&nbsp;<\/p>\n<h2>Kosten<\/h2>\n<ul style=\"text-align: left;\">\n<li>F\u00fcr den Besuch des Tagesheimes wird zehnmal j\u00e4hrlich \u2013 von September bis Juni \u2013 ein Elternbeitrag von \u20ac 40,- bei Tagesheimbesuch an 3-5 Tagen bzw. \u20ac 30,- bei 1-2 Tagen eingehoben. Die Kosten f\u00fcr das Mittagessen\u00a0 werden nach den tats\u00e4chlich konsumierten Mahlzeiten monatlich abgerechnet. Dazu kommt noch ein Verabreichungszuschlag (derzeit \u20ac 5,40 pro Monat).<\/li>\n<\/ul>\n<p>&nbsp;<\/p>\n<ul style=\"text-align: left;\">\n<li>\n<h2>Erm\u00e4\u00dfigung Tagesheim Wilten<\/h2>\n<\/li>\n<li>Der Elternbeitrag und der Beitrag f\u00fcr das Mittagessen kann bei Vorliegen bestimmter Einkommensgrenzen erm\u00e4\u00dfigt werden.<br \/>\nN\u00e4here Ausk\u00fcnfte erteilt Ihnen das Amt f\u00fcr Familie, Bildung und Gesellschaft, Maria-Theresien-Stra\u00dfe 18, 4. Stock, Zi. 4206 oder 4209, Tel.: 0512 \/ 5360-4206 oder -4209, post.schulverwaltung(at)innsbruck.gv.at<\/li>\n<\/ul>\n<h2>Kontakt<\/h2>\n<p>Neue Mittelschule Dr. Fritz Prior<br \/>\nLeopoldstra\u00dfe 15<br \/>\nA-6020 Innsbruck<br \/>\nTelefon +43 0512 \/ 580 128<br \/>\nFax. +43 0512 \/ 580 128 104<br \/>\nSchulleitung: Dir. Dipl.P\u00e4d. Hildegund Cernin<br \/>\ndirektion(at)hs-prior.tsn.at<br \/>\nhttp:\/\/www.hs-prior.tsn.at\/<\/p>\n","protected":false},"excerpt":{"rendered":"<p>Die Gestaltung der Nachmittagsbetreuung sieht drei Phasen vor: Gegenstandsbezogene Lernzeit, individuelle Lernzeit und Freizeit. Diese drei Phasen sind wie folgt an der Schule verteilt: <a class=\"more-link\" href=\"https:\/\/www.weli.at\/kinder\/tagesheim-neue-mittelschule-wilten\/\">Tagesheim Neue Mittelschule Wilten<\/a><\/p>\n","protected":false},"author":2,"featured_media":0,"comment_status":"closed","ping_status":"open","sticky":false,"template":"","format":"standard","meta":{"_et_pb_use_builder":"","_et_pb_old_content":"","_et_gb_content_width":""},"categories":[43,61,70],"tags":[],"_links":{"self":[{"href":"https:\/\/www.weli.at\/kinder\/wp-json\/wp\/v2\/posts\/4176"}],"collection":[{"href":"https:\/\/www.weli.at\/kinder\/wp-json\/wp\/v2\/posts"}],"about":[{"href":"https:\/\/www.weli.at\/kinder\/wp-json\/wp\/v2\/types\/post"}],"author":[{"embeddable":true,"href":"https:\/\/www.weli.at\/kinder\/wp-json\/wp\/v2\/users\/2"}],"replies":[{"embeddable":true,"href":"https:\/\/www.weli.at\/kinder\/wp-json\/wp\/v2\/comments?post=4176"}],"version-history":[{"count":0,"href":"https:\/\/www.weli.at\/kinder\/wp-json\/wp\/v2\/posts\/4176\/revisions"}],"wp:attachment":[{"href":"https:\/\/www.weli.at\/kinder\/wp-json\/wp\/v2\/media?parent=4176"}],"wp:term":[{"taxonomy":"category","embeddable":true,"href":"https:\/\/www.weli.at\/kinder\/wp-json\/wp\/v2\/categories?post=4176"},{"taxonomy":"post_tag","embeddable":true,"href":"https:\/\/www.weli.at\/kinder\/wp-json\/wp\/v2\/tags?post=4176"}],"curies":[{"name":"wp","href":"https:\/\/api.w.org\/{rel}","templated":true}]}}