{"id":5225,"date":"2014-07-31T07:44:58","date_gmt":"2014-07-31T05:44:58","guid":{"rendered":"http:\/\/www.weli.at\/kinder\/pferdefluestern-fuer-tierfreunde\/5225"},"modified":"2015-10-10T11:57:25","modified_gmt":"2015-10-10T11:57:25","slug":"pferdefluestern-fuer-tierfreunde","status":"publish","type":"post","link":"https:\/\/www.weli.at\/kinder\/pferdefluestern-fuer-tierfreunde\/","title":{"rendered":"Pferdefl\u00fcstern f\u00fcr Tierfreunde"},"content":{"rendered":"<p>Beim Ferienzug in Tirol gibt es folgende Veranstaltung f\u00fcr Kinder<\/p>\n<p>Datum: 21.07.14<\/p>\n<h2>Pferdefl\u00fcstern f\u00fcr Tierfreunde<\/h2>\n<p>Ausgebildete PferdetrainerInnen erkl\u00e4ren euch in einer kleinen Gruppe, wie unsere Herde denkt, spricht und die Welt sieht. Wir werden die Pferde versorgen und ganz auf eure W\u00fcnsche eingehen: Pferde f\u00fchren, turnen, ausreiten oder was euch sonst noch so einf\u00e4llt. <br \/>Wann? Montag, 21.07. <br \/>Treffpunkt? 13.30 Uhr, Kreisverkehr Aldrans-Fagslung (Richtung Rinn)  <br \/>Dauer?  13.30 &#8211; 16.00 Uhr, <br \/>Alter? 6 &#8211; 12 Jahre <br \/>Ausr\u00fcstung? Helm, feste Schuhe, Regen-\/Sonnenschutz, Jause <br \/>Kostet? \u20ac 25,&#8211; <br \/>Anmeldung? Verein Pegasus, Tel. 0699\/10444888 oder E-Mail: vera.scheuringer@pegasus.co.at<\/p>\n<p><a href=\"http:\/\/www.junges-innsbruck.at\/\" target=\"_blank\" rel=\"noopener\">Ferienzug Innsbruck<\/a><\/p>\n","protected":false},"excerpt":{"rendered":"<p>Beim Ferienzug in Tirol gibt es folgende Veranstaltung f\u00fcr Kinder Datum: 21.07.14 Pferdefl\u00fcstern f\u00fcr Tierfreunde Ausgebildete PferdetrainerInnen erkl\u00e4ren euch in einer kleinen Gruppe, wie unsere Herde denkt, spricht und die Welt sieht. Wir werden die Pferde versorgen und ganz auf eure W\u00fcnsche eingehen: Pferde f\u00fchren, turnen, ausreiten oder was euch sonst noch so einf\u00e4llt. Wann?&#8230; <a class=\"more-link\" href=\"https:\/\/www.weli.at\/kinder\/pferdefluestern-fuer-tierfreunde\/\">Pferdefl\u00fcstern f\u00fcr Tierfreunde<\/a> <a class=\"more-link\" href=\"https:\/\/www.weli.at\/kinder\/pferdefluestern-fuer-tierfreunde\/\">Pferdefl\u00fcstern f\u00fcr Tierfreunde<\/a><\/p>\n","protected":false},"author":4,"featured_media":0,"comment_status":"closed","ping_status":"open","sticky":false,"template":"","format":"standard","meta":{"_et_pb_use_builder":"","_et_pb_old_content":"","_et_gb_content_width":""},"categories":[26,57],"tags":[],"_links":{"self":[{"href":"https:\/\/www.weli.at\/kinder\/wp-json\/wp\/v2\/posts\/5225"}],"collection":[{"href":"https:\/\/www.weli.at\/kinder\/wp-json\/wp\/v2\/posts"}],"about":[{"href":"https:\/\/www.weli.at\/kinder\/wp-json\/wp\/v2\/types\/post"}],"author":[{"embeddable":true,"href":"https:\/\/www.weli.at\/kinder\/wp-json\/wp\/v2\/users\/4"}],"replies":[{"embeddable":true,"href":"https:\/\/www.weli.at\/kinder\/wp-json\/wp\/v2\/comments?post=5225"}],"version-history":[{"count":0,"href":"https:\/\/www.weli.at\/kinder\/wp-json\/wp\/v2\/posts\/5225\/revisions"}],"wp:attachment":[{"href":"https:\/\/www.weli.at\/kinder\/wp-json\/wp\/v2\/media?parent=5225"}],"wp:term":[{"taxonomy":"category","embeddable":true,"href":"https:\/\/www.weli.at\/kinder\/wp-json\/wp\/v2\/categories?post=5225"},{"taxonomy":"post_tag","embeddable":true,"href":"https:\/\/www.weli.at\/kinder\/wp-json\/wp\/v2\/tags?post=5225"}],"curies":[{"name":"wp","href":"https:\/\/api.w.org\/{rel}","templated":true}]}}