{"id":5270,"date":"2014-07-31T07:45:04","date_gmt":"2014-07-31T05:45:04","guid":{"rendered":"http:\/\/www.weli.at\/kinder\/erste-hilfe-fuer-minikids-2\/5270"},"modified":"2015-10-10T11:57:23","modified_gmt":"2015-10-10T11:57:23","slug":"erste-hilfe-fuer-minikids-2","status":"publish","type":"post","link":"https:\/\/www.weli.at\/kinder\/erste-hilfe-fuer-minikids-2\/","title":{"rendered":"Erste Hilfe f\u00fcr Minikids"},"content":{"rendered":"<p>Beim Ferienzug in Tirol gibt es folgende Veranstaltung f\u00fcr Kinder<\/p>\n<p>Datum: 28.07.14<\/p>\n<h2>Erste Hilfe f\u00fcr Minikids<\/h2>\n<p>Ich bin 6 Jahre alt und m\u00f6chte Erste Hilfe leisten. Kann ich das? Nat\u00fcrlich und wir zeigen dir wie. Au\u00dferdem kannst du ein Rettungsauto ganz nah erleben. <br \/>Wann? Montag, 28.07. <br \/>Treffpunkt? 09.00 Uhr, Freiwillige Rettung Innsbruck <br \/>Dauer? 09.00 &#8211; 12.00 Uhr, <br \/>Alter? 6 &#8211; 9 Jahre, <br \/>Kostet? \u20ac 3,&#8211; <br \/>Anmeldung? Referat Kinder- &#038; Jugendf\u00f6rderung, Tel. 5360-4228 od. 4224<\/p>\n<p><a href=\"http:\/\/www.junges-innsbruck.at\/\" target=\"_blank\" rel=\"noopener\">Ferienzug Innsbruck<\/a><\/p>\n","protected":false},"excerpt":{"rendered":"<p>Beim Ferienzug in Tirol gibt es folgende Veranstaltung f\u00fcr Kinder Datum: 28.07.14 Erste Hilfe f\u00fcr Minikids Ich bin 6 Jahre alt und m\u00f6chte Erste Hilfe leisten. Kann ich das? Nat\u00fcrlich und wir zeigen dir wie. Au\u00dferdem kannst du ein Rettungsauto ganz nah erleben. Wann? Montag, 28.07. Treffpunkt? 09.00 Uhr, Freiwillige Rettung Innsbruck Dauer? 09.00 &#8211;&#8230; <a class=\"more-link\" href=\"https:\/\/www.weli.at\/kinder\/erste-hilfe-fuer-minikids-2\/\">Erste Hilfe f\u00fcr Minikids<\/a> <a class=\"more-link\" href=\"https:\/\/www.weli.at\/kinder\/erste-hilfe-fuer-minikids-2\/\">Erste Hilfe f\u00fcr Minikids<\/a><\/p>\n","protected":false},"author":4,"featured_media":0,"comment_status":"closed","ping_status":"open","sticky":false,"template":"","format":"standard","meta":{"_et_pb_use_builder":"","_et_pb_old_content":"","_et_gb_content_width":""},"categories":[20,26],"tags":[],"_links":{"self":[{"href":"https:\/\/www.weli.at\/kinder\/wp-json\/wp\/v2\/posts\/5270"}],"collection":[{"href":"https:\/\/www.weli.at\/kinder\/wp-json\/wp\/v2\/posts"}],"about":[{"href":"https:\/\/www.weli.at\/kinder\/wp-json\/wp\/v2\/types\/post"}],"author":[{"embeddable":true,"href":"https:\/\/www.weli.at\/kinder\/wp-json\/wp\/v2\/users\/4"}],"replies":[{"embeddable":true,"href":"https:\/\/www.weli.at\/kinder\/wp-json\/wp\/v2\/comments?post=5270"}],"version-history":[{"count":0,"href":"https:\/\/www.weli.at\/kinder\/wp-json\/wp\/v2\/posts\/5270\/revisions"}],"wp:attachment":[{"href":"https:\/\/www.weli.at\/kinder\/wp-json\/wp\/v2\/media?parent=5270"}],"wp:term":[{"taxonomy":"category","embeddable":true,"href":"https:\/\/www.weli.at\/kinder\/wp-json\/wp\/v2\/categories?post=5270"},{"taxonomy":"post_tag","embeddable":true,"href":"https:\/\/www.weli.at\/kinder\/wp-json\/wp\/v2\/tags?post=5270"}],"curies":[{"name":"wp","href":"https:\/\/api.w.org\/{rel}","templated":true}]}}