{"id":5280,"date":"2014-07-31T07:45:08","date_gmt":"2014-07-31T05:45:08","guid":{"rendered":"http:\/\/www.weli.at\/kinder\/klangspuren-mobil\/5280"},"modified":"2015-10-10T11:57:21","modified_gmt":"2015-10-10T11:57:21","slug":"klangspuren-mobil","status":"publish","type":"post","link":"https:\/\/www.weli.at\/kinder\/klangspuren-mobil\/","title":{"rendered":"Klangspuren Mobil"},"content":{"rendered":"<p>Beim Ferienzug in Tirol gibt es folgende Veranstaltung f\u00fcr Kinder<\/p>\n<p>Datum: 29.07.14<\/p>\n<h2>Klangspuren Mobil<\/h2>\n<p>Alles anfassen, alles ausprobieren Das Klangspuren MOBIL macht Halt im AUDIOVERSUM. Ein Bus voller Instrumente eines klassischen Symphonieorchesters &#8211; und noch einigen mehr. Selber entdecken wie T\u00f6ne auf den verschiedenen Instrumenten entstehen, wie man sie streicht, bl\u00e4st, pfeift oder schl\u00e4gt. <br \/>Wann? Dienstag, 29.07. <br \/>Treffpunkt? 11.00 Uhr, Audioversum Science Center, Wilhelm-Greil-Stra\u00dfe 23 <br \/>Dauer? 11.00 &#8211; 13.00 Uhr, <br \/>Alter? 4 &#8211; 12 Jahre, <br \/>Kostet? \u20ac 8,&#8211; <br \/>Anmeldung? Audioversum Science Center, Tel. 05 77 88 99 oder E-Mail: office@audioversum.at<\/p>\n<p><a href=\"http:\/\/www.junges-innsbruck.at\/\" target=\"_blank\" rel=\"noopener\">Ferienzug Innsbruck<\/a><\/p>\n","protected":false},"excerpt":{"rendered":"<p>Beim Ferienzug in Tirol gibt es folgende Veranstaltung f\u00fcr Kinder Datum: 29.07.14 Klangspuren Mobil Alles anfassen, alles ausprobieren Das Klangspuren MOBIL macht Halt im AUDIOVERSUM. Ein Bus voller Instrumente eines klassischen Symphonieorchesters &#8211; und noch einigen mehr. Selber entdecken wie T\u00f6ne auf den verschiedenen Instrumenten entstehen, wie man sie streicht, bl\u00e4st, pfeift oder schl\u00e4gt. Wann?&#8230; <a class=\"more-link\" href=\"https:\/\/www.weli.at\/kinder\/klangspuren-mobil\/\">Klangspuren Mobil<\/a> <a class=\"more-link\" href=\"https:\/\/www.weli.at\/kinder\/klangspuren-mobil\/\">Klangspuren Mobil<\/a><\/p>\n","protected":false},"author":4,"featured_media":0,"comment_status":"closed","ping_status":"open","sticky":false,"template":"","format":"standard","meta":{"_et_pb_use_builder":"","_et_pb_old_content":"","_et_gb_content_width":""},"categories":[26,54],"tags":[],"_links":{"self":[{"href":"https:\/\/www.weli.at\/kinder\/wp-json\/wp\/v2\/posts\/5280"}],"collection":[{"href":"https:\/\/www.weli.at\/kinder\/wp-json\/wp\/v2\/posts"}],"about":[{"href":"https:\/\/www.weli.at\/kinder\/wp-json\/wp\/v2\/types\/post"}],"author":[{"embeddable":true,"href":"https:\/\/www.weli.at\/kinder\/wp-json\/wp\/v2\/users\/4"}],"replies":[{"embeddable":true,"href":"https:\/\/www.weli.at\/kinder\/wp-json\/wp\/v2\/comments?post=5280"}],"version-history":[{"count":0,"href":"https:\/\/www.weli.at\/kinder\/wp-json\/wp\/v2\/posts\/5280\/revisions"}],"wp:attachment":[{"href":"https:\/\/www.weli.at\/kinder\/wp-json\/wp\/v2\/media?parent=5280"}],"wp:term":[{"taxonomy":"category","embeddable":true,"href":"https:\/\/www.weli.at\/kinder\/wp-json\/wp\/v2\/categories?post=5280"},{"taxonomy":"post_tag","embeddable":true,"href":"https:\/\/www.weli.at\/kinder\/wp-json\/wp\/v2\/tags?post=5280"}],"curies":[{"name":"wp","href":"https:\/\/api.w.org\/{rel}","templated":true}]}}