{"id":5408,"date":"2014-07-31T07:45:15","date_gmt":"2014-07-31T05:45:15","guid":{"rendered":"http:\/\/www.weli.at\/kinder\/faszination-digitalfotografie-2\/5408"},"modified":"2015-10-10T11:57:17","modified_gmt":"2015-10-10T11:57:17","slug":"faszination-digitalfotografie-2","status":"publish","type":"post","link":"https:\/\/www.weli.at\/kinder\/faszination-digitalfotografie-2\/","title":{"rendered":"Faszination Digitalfotografie"},"content":{"rendered":"<p>Beim Ferienzug in Tirol gibt es folgende Veranstaltung f\u00fcr Kinder<\/p>\n<p>Datum: 05.08.14<\/p>\n<h2>Faszination Digitalfotografie<\/h2>\n<p>Fotografieren kann man auch mit Handys. Aber f\u00fcr gute Fotos muss man mehr k\u00f6nnen. Du bekommst viele praktische Tipps, um bessere und interessantere Fotos machen zu k\u00f6nnen. Und alles wird gleich ausprobiert. <br \/>Wann? Dienstag, 05.08. <br \/>Treffpunkt? 09.00 Uhr, Hofburg, Durchgang zum Dom (gegen\u00fcber Landestheater)  <br \/>Dauer?  09.00 &#8211; 15.00 Uhr, <br \/>Alter? 10 &#8211; 14 Jahre  <br \/>Ausr\u00fcstung? Mittagsjause, <br \/>Kostet? \u20ac 17,&#8211; <br \/>Anmeldung? Tiroler Bildungsinstitut, Tel. 508-4292 oder E-Mail: medienzentrum@tirol.gv.at<\/p>\n<p><a href=\"http:\/\/www.junges-innsbruck.at\/\" target=\"_blank\" rel=\"noopener\">Ferienzug Innsbruck<\/a><\/p>\n","protected":false},"excerpt":{"rendered":"<p>Beim Ferienzug in Tirol gibt es folgende Veranstaltung f\u00fcr Kinder Datum: 05.08.14 Faszination Digitalfotografie Fotografieren kann man auch mit Handys. Aber f\u00fcr gute Fotos muss man mehr k\u00f6nnen. Du bekommst viele praktische Tipps, um bessere und interessantere Fotos machen zu k\u00f6nnen. Und alles wird gleich ausprobiert. Wann? Dienstag, 05.08. Treffpunkt? 09.00 Uhr, Hofburg, Durchgang zum&#8230; <a class=\"more-link\" href=\"https:\/\/www.weli.at\/kinder\/faszination-digitalfotografie-2\/\">Faszination Digitalfotografie<\/a> <a class=\"more-link\" href=\"https:\/\/www.weli.at\/kinder\/faszination-digitalfotografie-2\/\">Faszination Digitalfotografie<\/a><\/p>\n","protected":false},"author":4,"featured_media":0,"comment_status":"closed","ping_status":"open","sticky":false,"template":"","format":"standard","meta":{"_et_pb_use_builder":"","_et_pb_old_content":"","_et_gb_content_width":""},"categories":[26,30,52],"tags":[],"_links":{"self":[{"href":"https:\/\/www.weli.at\/kinder\/wp-json\/wp\/v2\/posts\/5408"}],"collection":[{"href":"https:\/\/www.weli.at\/kinder\/wp-json\/wp\/v2\/posts"}],"about":[{"href":"https:\/\/www.weli.at\/kinder\/wp-json\/wp\/v2\/types\/post"}],"author":[{"embeddable":true,"href":"https:\/\/www.weli.at\/kinder\/wp-json\/wp\/v2\/users\/4"}],"replies":[{"embeddable":true,"href":"https:\/\/www.weli.at\/kinder\/wp-json\/wp\/v2\/comments?post=5408"}],"version-history":[{"count":0,"href":"https:\/\/www.weli.at\/kinder\/wp-json\/wp\/v2\/posts\/5408\/revisions"}],"wp:attachment":[{"href":"https:\/\/www.weli.at\/kinder\/wp-json\/wp\/v2\/media?parent=5408"}],"wp:term":[{"taxonomy":"category","embeddable":true,"href":"https:\/\/www.weli.at\/kinder\/wp-json\/wp\/v2\/categories?post=5408"},{"taxonomy":"post_tag","embeddable":true,"href":"https:\/\/www.weli.at\/kinder\/wp-json\/wp\/v2\/tags?post=5408"}],"curies":[{"name":"wp","href":"https:\/\/api.w.org\/{rel}","templated":true}]}}