{"id":5556,"date":"2014-07-31T07:45:38","date_gmt":"2014-07-31T05:45:38","guid":{"rendered":"http:\/\/www.weli.at\/kinder\/ponilino-5\/5556"},"modified":"2015-10-10T11:55:23","modified_gmt":"2015-10-10T11:55:23","slug":"ponilino-5","status":"publish","type":"post","link":"https:\/\/www.weli.at\/kinder\/ponilino-5\/","title":{"rendered":"Ponilino"},"content":{"rendered":"<p>Beim Ferienzug in Tirol gibt es folgende Veranstaltung f\u00fcr Kinder<\/p>\n<p>Datum: 02.09.14<\/p>\n<h2>Ponilino<\/h2>\n<p>Erlebe unsere Ponywelt mit Spiel und Spa\u00df! <br \/>Wann? Dienstag, 02.09. <br \/>Treffpunkt? 09.00 Uhr, Reiterst\u00fcberl  <br \/>Dauer?  09.00 &#8211; 12.00 Uhr, <br \/>Alter? 4 &#8211; 10 Jahre  <br \/>Ausr\u00fcstung? Feste Schuhe, bequeme Hose, <br \/>Kostet? \u20ac 15,&#8211; <br \/>Anmeldung? Reitschule Innsbruck-Igls, Tel. 0664\/5165505 (Di &#8211; Fr 15.00 &#8211; 18.00 Uhr) oder E-Mail: office@reitclub-innsbruck.com<\/p>\n<p><a href=\"http:\/\/www.junges-innsbruck.at\/\" target=\"_blank\" rel=\"noopener\">Ferienzug Innsbruck<\/a><\/p>\n","protected":false},"excerpt":{"rendered":"<p>Beim Ferienzug in Tirol gibt es folgende Veranstaltung f\u00fcr Kinder Datum: 02.09.14 Ponilino Erlebe unsere Ponywelt mit Spiel und Spa\u00df! Wann? Dienstag, 02.09. Treffpunkt? 09.00 Uhr, Reiterst\u00fcberl Dauer? 09.00 &#8211; 12.00 Uhr, Alter? 4 &#8211; 10 Jahre Ausr\u00fcstung? Feste Schuhe, bequeme Hose, Kostet? \u20ac 15,&#8211; Anmeldung? Reitschule Innsbruck-Igls, Tel. 0664\/5165505 (Di &#8211; Fr 15.00 &#8211;&#8230; <a class=\"more-link\" href=\"https:\/\/www.weli.at\/kinder\/ponilino-5\/\">Ponilino<\/a> <a class=\"more-link\" href=\"https:\/\/www.weli.at\/kinder\/ponilino-5\/\">Ponilino<\/a><\/p>\n","protected":false},"author":4,"featured_media":0,"comment_status":"closed","ping_status":"open","sticky":false,"template":"","format":"standard","meta":{"_et_pb_use_builder":"","_et_pb_old_content":"","_et_gb_content_width":""},"categories":[26],"tags":[],"_links":{"self":[{"href":"https:\/\/www.weli.at\/kinder\/wp-json\/wp\/v2\/posts\/5556"}],"collection":[{"href":"https:\/\/www.weli.at\/kinder\/wp-json\/wp\/v2\/posts"}],"about":[{"href":"https:\/\/www.weli.at\/kinder\/wp-json\/wp\/v2\/types\/post"}],"author":[{"embeddable":true,"href":"https:\/\/www.weli.at\/kinder\/wp-json\/wp\/v2\/users\/4"}],"replies":[{"embeddable":true,"href":"https:\/\/www.weli.at\/kinder\/wp-json\/wp\/v2\/comments?post=5556"}],"version-history":[{"count":0,"href":"https:\/\/www.weli.at\/kinder\/wp-json\/wp\/v2\/posts\/5556\/revisions"}],"wp:attachment":[{"href":"https:\/\/www.weli.at\/kinder\/wp-json\/wp\/v2\/media?parent=5556"}],"wp:term":[{"taxonomy":"category","embeddable":true,"href":"https:\/\/www.weli.at\/kinder\/wp-json\/wp\/v2\/categories?post=5556"},{"taxonomy":"post_tag","embeddable":true,"href":"https:\/\/www.weli.at\/kinder\/wp-json\/wp\/v2\/tags?post=5556"}],"curies":[{"name":"wp","href":"https:\/\/api.w.org\/{rel}","templated":true}]}}