{"id":5861,"date":"2014-07-21T21:21:22","date_gmt":"2014-07-21T19:21:22","guid":{"rendered":"http:\/\/www.weli.at\/kinder\/?p=5861"},"modified":"2015-10-10T11:58:01","modified_gmt":"2015-10-10T11:58:01","slug":"kinderbetreuung-ferien-reiten-igls","status":"publish","type":"post","link":"https:\/\/www.weli.at\/kinder\/kinderbetreuung-ferien-reiten-igls\/","title":{"rendered":"Kinderbetreuung Ferien Reiten Igls"},"content":{"rendered":"<p>2. ERLEBNIS-CAMP F\u00dcR KINDER VON 8-14 JAHREN IM REITCLUB INNSBRUCK-IGLS<br \/>\n<!--more--><\/p>\n<h2>Termin Ferien Reiten<\/h2>\n<p>MONTAG, 01.09. \u2013 DONNERSTAG, 04.09.2014<br \/>\nBeginn 10.00 Uhr, Ende: 18.00 Uhr<\/p>\n<h2>Kosten Ferien Reiten<\/h2>\n<p>Preis pro Kind:\t\u20ac 350 bei 5 TeilnehmerInnen<br \/>\n4 Erlebnis-Tage inklusive 3 \u00dcbernachtungen \u2013 Vollpension \u2013 Betreuung durch unsere P\u00e4dagogin Kathrin Lindner, Kurs-Einheiten  und Reitunterricht durch gepr\u00fcfte Reitlehrerinnen.<br \/>\nAnzahlung nach Anmeldung im B\u00fcro Euro 150. Stornogeb\u00fchren bis 1.8. Euro 50 und bis 31.8. Euro 150. Stornierungen ab  dem 1.9. oder w\u00e4hrend des Camps 100% oder Ersatz-TeilnehmerIn<\/p>\n<h2>Anmeldung Ferien Reiten<\/h2>\n<p>CRG Reitclub Innsbruck-Igls<br \/>\nChristina Federspiel &#038; Team oder Tel. 0676 7932609<\/p>\n","protected":false},"excerpt":{"rendered":"<p>2. ERLEBNIS-CAMP F\u00dcR KINDER VON 8-14 JAHREN IM REITCLUB INNSBRUCK-IGLS <a class=\"more-link\" href=\"https:\/\/www.weli.at\/kinder\/kinderbetreuung-ferien-reiten-igls\/\">Kinderbetreuung Ferien Reiten Igls<\/a><\/p>\n","protected":false},"author":2,"featured_media":0,"comment_status":"closed","ping_status":"open","sticky":false,"template":"","format":"standard","meta":{"_et_pb_use_builder":"","_et_pb_old_content":"","_et_gb_content_width":""},"categories":[43,57,68],"tags":[],"_links":{"self":[{"href":"https:\/\/www.weli.at\/kinder\/wp-json\/wp\/v2\/posts\/5861"}],"collection":[{"href":"https:\/\/www.weli.at\/kinder\/wp-json\/wp\/v2\/posts"}],"about":[{"href":"https:\/\/www.weli.at\/kinder\/wp-json\/wp\/v2\/types\/post"}],"author":[{"embeddable":true,"href":"https:\/\/www.weli.at\/kinder\/wp-json\/wp\/v2\/users\/2"}],"replies":[{"embeddable":true,"href":"https:\/\/www.weli.at\/kinder\/wp-json\/wp\/v2\/comments?post=5861"}],"version-history":[{"count":0,"href":"https:\/\/www.weli.at\/kinder\/wp-json\/wp\/v2\/posts\/5861\/revisions"}],"wp:attachment":[{"href":"https:\/\/www.weli.at\/kinder\/wp-json\/wp\/v2\/media?parent=5861"}],"wp:term":[{"taxonomy":"category","embeddable":true,"href":"https:\/\/www.weli.at\/kinder\/wp-json\/wp\/v2\/categories?post=5861"},{"taxonomy":"post_tag","embeddable":true,"href":"https:\/\/www.weli.at\/kinder\/wp-json\/wp\/v2\/tags?post=5861"}],"curies":[{"name":"wp","href":"https:\/\/api.w.org\/{rel}","templated":true}]}}