{"id":6226,"date":"2014-02-26T02:53:59","date_gmt":"2014-02-26T01:53:59","guid":{"rendered":"http:\/\/www.weli.at\/kinder\/aktion-tagesmuetter-katholischer-familienverband-tirol\/6226"},"modified":"2015-10-10T11:58:11","modified_gmt":"2015-10-10T11:58:11","slug":"aktion-tagesmuetter-katholischer-familienverband-tirol","status":"publish","type":"post","link":"https:\/\/www.weli.at\/kinder\/aktion-tagesmuetter-katholischer-familienverband-tirol\/","title":{"rendered":"Aktion Tagesm\u00fctter Katholischer Familienverband Tirol"},"content":{"rendered":"<h2>Aktion Tagesm\u00fctter Katholischer Familienverband Tirol beim Tiroler Familienpass<\/h2>\n<p>Euro 5, &#8211; Erm. bei Vertragsabschluss (einmalig)! Familiennahe, flexible Kinderbetreuung durch ausgebildete u. fachlich betreute Tagesm\u00fctter &#8211; &#8211; v\u00e4ter, Ausbildung, Fort &#8211; u. Weiterbildung von Tagesm\u00fcttern &#8211; &#8211; v\u00e4tern, Elternbildungsseminare. Informationen: Mo, Do 9.00 &#8211; 11.00 Uhr, Mi 15.00 &#8211; 17.00 Uhr u. nach Vereinbarung; Vermittlung &#038; Beratung Zweigstellen Innsbruck Stadt u. Land, Steinach, Telfs &#8211; Seefeld, Imst. Einfach Info anfordern! <\/p>\n<p>Kontakt <a href=\"mailto:\/\/aktion.tagesmutter - imst@familie.at\" target=\"_blank\" rel=\"noopener\">aktion.tagesmutter &#8211; imst@familie.at<\/a><br \/>\nTelefon: Tel. u. Fax 0 54 12 &#8211; 68 1 23 oder 0650 &#8211; 58 32 689<br \/>\nStadtpl. 9 &#8211; 10<br \/>\n6460 Imst<br \/>\n<a href=\"http:\/\/www.aktion - tagesmutter.at\" target=\"_blank\" rel=\"noopener\">Aktion Tagesm\u00fctter Katholischer Familienverband Tirol<\/a><\/p>\n<p>Quelle: www.familienpass-tirol.at<\/p>\n","protected":false},"excerpt":{"rendered":"<p>Aktion Tagesm\u00fctter Katholischer Familienverband Tirol beim Tiroler Familienpass Euro 5, &#8211; Erm. bei Vertragsabschluss (einmalig)! Familiennahe, flexible Kinderbetreuung durch ausgebildete u. fachlich betreute Tagesm\u00fctter &#8211; &#8211; v\u00e4ter, Ausbildung, Fort &#8211; u. Weiterbildung von Tagesm\u00fcttern &#8211; &#8211; v\u00e4tern, Elternbildungsseminare. Informationen: Mo, Do 9.00 &#8211; 11.00 Uhr, Mi 15.00 &#8211; 17.00 Uhr u. nach Vereinbarung; Vermittlung &#038;&#8230; <a class=\"more-link\" href=\"https:\/\/www.weli.at\/kinder\/aktion-tagesmuetter-katholischer-familienverband-tirol\/\">Aktion Tagesm\u00fctter Katholischer Familienverband<\/a> <a class=\"more-link\" href=\"https:\/\/www.weli.at\/kinder\/aktion-tagesmuetter-katholischer-familienverband-tirol\/\">Aktion Tagesm\u00fctter Katholischer Familienverband<\/a><\/p>\n","protected":false},"author":4,"featured_media":0,"comment_status":"closed","ping_status":"closed","sticky":false,"template":"","format":"standard","meta":{"_et_pb_use_builder":"","_et_pb_old_content":"","_et_gb_content_width":""},"categories":[19,75],"tags":[],"_links":{"self":[{"href":"https:\/\/www.weli.at\/kinder\/wp-json\/wp\/v2\/posts\/6226"}],"collection":[{"href":"https:\/\/www.weli.at\/kinder\/wp-json\/wp\/v2\/posts"}],"about":[{"href":"https:\/\/www.weli.at\/kinder\/wp-json\/wp\/v2\/types\/post"}],"author":[{"embeddable":true,"href":"https:\/\/www.weli.at\/kinder\/wp-json\/wp\/v2\/users\/4"}],"replies":[{"embeddable":true,"href":"https:\/\/www.weli.at\/kinder\/wp-json\/wp\/v2\/comments?post=6226"}],"version-history":[{"count":0,"href":"https:\/\/www.weli.at\/kinder\/wp-json\/wp\/v2\/posts\/6226\/revisions"}],"wp:attachment":[{"href":"https:\/\/www.weli.at\/kinder\/wp-json\/wp\/v2\/media?parent=6226"}],"wp:term":[{"taxonomy":"category","embeddable":true,"href":"https:\/\/www.weli.at\/kinder\/wp-json\/wp\/v2\/categories?post=6226"},{"taxonomy":"post_tag","embeddable":true,"href":"https:\/\/www.weli.at\/kinder\/wp-json\/wp\/v2\/tags?post=6226"}],"curies":[{"name":"wp","href":"https:\/\/api.w.org\/{rel}","templated":true}]}}