{"id":6569,"date":"2014-02-22T17:50:21","date_gmt":"2014-02-22T16:50:21","guid":{"rendered":"http:\/\/www.weli.at\/kinder\/hurth-raumausstattung-ofenbau\/6569"},"modified":"2015-10-10T11:58:15","modified_gmt":"2015-10-10T11:58:15","slug":"hurth-raumausstattung-ofenbau","status":"publish","type":"post","link":"https:\/\/www.weli.at\/kinder\/hurth-raumausstattung-ofenbau\/","title":{"rendered":"hurth Raumausstattung &#8211; Ofenbau"},"content":{"rendered":"<h2>hurth Raumausstattung &#8211; Ofenbau beim Tiroler Familienpass<\/h2>\n<p>10 % Erm. ab einem Einkauf von Euro 200, &#8211; mit einem Kind, mit 2 Kindern 15 % Erm. u. mit 3 Kindern 20 % Erm.! Eigene Fachwerkst\u00e4tte, M\u00f6belstoffe, Vorh\u00e4nge, Teppiche, PVC Boden, Kork &#8211; u. Parkettb\u00f6den. <\/p>\n<p>Kontakt <a href=\"mailto:\/\/hurth.raumausstattung@speed.at\" target=\"_blank\" rel=\"noopener\">hurth.raumausstattung@speed.at<\/a><br \/>\nTelefon: 0 52 34 &#8211; 33 1 87 oder 0664 &#8211; 35 08 243<br \/>\nKirchstr. 41<br \/>\n6091 G\u00f6tzens<br \/>\n<a href=\"http:\/\/\" target=\"_blank\">hurth Raumausstattung &#8211; Ofenbau<\/a><\/p>\n<p>Quelle: www.familienpass-tirol.at<\/p>\n","protected":false},"excerpt":{"rendered":"<p>hurth Raumausstattung &#8211; Ofenbau beim Tiroler Familienpass 10 % Erm. ab einem Einkauf von Euro 200, &#8211; mit einem Kind, mit 2 Kindern 15 % Erm. u. mit 3 Kindern 20 % Erm.! Eigene Fachwerkst\u00e4tte, M\u00f6belstoffe, Vorh\u00e4nge, Teppiche, PVC Boden, Kork &#8211; u. Parkettb\u00f6den. Kontakt hurth.raumausstattung@speed.at Telefon: 0 52 34 &#8211; 33 1 87 oder&#8230; <a class=\"more-link\" href=\"https:\/\/www.weli.at\/kinder\/hurth-raumausstattung-ofenbau\/\">hurth Raumausstattung 8211 Ofenbau<\/a> <a class=\"more-link\" href=\"https:\/\/www.weli.at\/kinder\/hurth-raumausstattung-ofenbau\/\">hurth Raumausstattung 8211 Ofenbau<\/a><\/p>\n","protected":false},"author":4,"featured_media":0,"comment_status":"closed","ping_status":"closed","sticky":false,"template":"","format":"standard","meta":{"_et_pb_use_builder":"","_et_pb_old_content":"","_et_gb_content_width":""},"categories":[19,75],"tags":[],"_links":{"self":[{"href":"https:\/\/www.weli.at\/kinder\/wp-json\/wp\/v2\/posts\/6569"}],"collection":[{"href":"https:\/\/www.weli.at\/kinder\/wp-json\/wp\/v2\/posts"}],"about":[{"href":"https:\/\/www.weli.at\/kinder\/wp-json\/wp\/v2\/types\/post"}],"author":[{"embeddable":true,"href":"https:\/\/www.weli.at\/kinder\/wp-json\/wp\/v2\/users\/4"}],"replies":[{"embeddable":true,"href":"https:\/\/www.weli.at\/kinder\/wp-json\/wp\/v2\/comments?post=6569"}],"version-history":[{"count":0,"href":"https:\/\/www.weli.at\/kinder\/wp-json\/wp\/v2\/posts\/6569\/revisions"}],"wp:attachment":[{"href":"https:\/\/www.weli.at\/kinder\/wp-json\/wp\/v2\/media?parent=6569"}],"wp:term":[{"taxonomy":"category","embeddable":true,"href":"https:\/\/www.weli.at\/kinder\/wp-json\/wp\/v2\/categories?post=6569"},{"taxonomy":"post_tag","embeddable":true,"href":"https:\/\/www.weli.at\/kinder\/wp-json\/wp\/v2\/tags?post=6569"}],"curies":[{"name":"wp","href":"https:\/\/api.w.org\/{rel}","templated":true}]}}