{"id":6623,"date":"2014-02-26T20:50:17","date_gmt":"2014-02-26T19:50:17","guid":{"rendered":"http:\/\/www.weli.at\/kinder\/kuechenprofis\/6623"},"modified":"2015-10-10T11:58:10","modified_gmt":"2015-10-10T11:58:10","slug":"kuechenprofis","status":"publish","type":"post","link":"https:\/\/www.weli.at\/kinder\/kuechenprofis\/","title":{"rendered":"K\u00fcchenprofis"},"content":{"rendered":"<h2>K\u00fcchenprofis beim Tiroler Familienpass<\/h2>\n<p>Schranz Wolf GmbH<\/p>\n<p>6460 Imst, Gewerbepark 14, Tel.: 0 54 12 &#8211; 61 9 50, imst@kuechenprofis.at Ger\u00e4teschr\u00e4nke kostenlos beim Kauf einer kompletten K\u00fcche im Wert von mind. Euro 8.000, &#8211; . Kostenloses Kissen beim Kauf einer Bettaustattung im Wert von mind. Euro 800, &#8211; . <\/p>\n<p>Kontakt <a href=\"mailto:\/\/prutz@kuechenprofis.at\" target=\"_blank\" rel=\"noopener\">prutz@kuechenprofis.at<\/a><br \/>\nTelefon: 0 54 72 &#8211; 22 96<br \/>\nKampleweg 2<br \/>\n6522 Prutz<br \/>\n<a href=\"http:\/\/www.kuechenprofis.at\" target=\"_blank\" rel=\"noopener\">K\u00fcchenprofis<\/a><\/p>\n<p>Quelle: www.familienpass-tirol.at<\/p>\n","protected":false},"excerpt":{"rendered":"<p>K\u00fcchenprofis beim Tiroler Familienpass Schranz Wolf GmbH 6460 Imst, Gewerbepark 14, Tel.: 0 54 12 &#8211; 61 9 50, imst@kuechenprofis.at Ger\u00e4teschr\u00e4nke kostenlos beim Kauf einer kompletten K\u00fcche im Wert von mind. Euro 8.000, &#8211; . Kostenloses Kissen beim Kauf einer Bettaustattung im Wert von mind. Euro 800, &#8211; . Kontakt prutz@kuechenprofis.at Telefon: 0 54 72&#8230; <a class=\"more-link\" href=\"https:\/\/www.weli.at\/kinder\/kuechenprofis\/\">K\u00fcchenprofis<\/a> <a class=\"more-link\" href=\"https:\/\/www.weli.at\/kinder\/kuechenprofis\/\">K\u00fcchenprofis<\/a><\/p>\n","protected":false},"author":4,"featured_media":0,"comment_status":"closed","ping_status":"closed","sticky":false,"template":"","format":"standard","meta":{"_et_pb_use_builder":"","_et_pb_old_content":"","_et_gb_content_width":""},"categories":[19,75],"tags":[],"_links":{"self":[{"href":"https:\/\/www.weli.at\/kinder\/wp-json\/wp\/v2\/posts\/6623"}],"collection":[{"href":"https:\/\/www.weli.at\/kinder\/wp-json\/wp\/v2\/posts"}],"about":[{"href":"https:\/\/www.weli.at\/kinder\/wp-json\/wp\/v2\/types\/post"}],"author":[{"embeddable":true,"href":"https:\/\/www.weli.at\/kinder\/wp-json\/wp\/v2\/users\/4"}],"replies":[{"embeddable":true,"href":"https:\/\/www.weli.at\/kinder\/wp-json\/wp\/v2\/comments?post=6623"}],"version-history":[{"count":0,"href":"https:\/\/www.weli.at\/kinder\/wp-json\/wp\/v2\/posts\/6623\/revisions"}],"wp:attachment":[{"href":"https:\/\/www.weli.at\/kinder\/wp-json\/wp\/v2\/media?parent=6623"}],"wp:term":[{"taxonomy":"category","embeddable":true,"href":"https:\/\/www.weli.at\/kinder\/wp-json\/wp\/v2\/categories?post=6623"},{"taxonomy":"post_tag","embeddable":true,"href":"https:\/\/www.weli.at\/kinder\/wp-json\/wp\/v2\/tags?post=6623"}],"curies":[{"name":"wp","href":"https:\/\/api.w.org\/{rel}","templated":true}]}}