{"id":6668,"date":"2014-02-27T21:50:04","date_gmt":"2014-02-27T20:50:04","guid":{"rendered":"http:\/\/www.weli.at\/kinder\/museum-kitzbuehel\/6668"},"modified":"2015-10-10T11:58:10","modified_gmt":"2015-10-10T11:58:10","slug":"museum-kitzbuehel","status":"publish","type":"post","link":"https:\/\/www.weli.at\/kinder\/museum-kitzbuehel\/","title":{"rendered":"Museum Kitzb\u00fchel"},"content":{"rendered":"<h2>Museum Kitzb\u00fchel beim Tiroler Familienpass<\/h2>\n<p>25 % Erm. f\u00fcr Erw. u. 50 % Erm. f\u00fcr Kinder. Im ehemaligen st\u00e4dtischen Getreidekasten u. im S\u00fcdwestturm bietet das st\u00e4dtische Museum Kitzb\u00fchel einen einmaligen Einblick in die Geschichte u. Kultur von Stadt u. Region. \u00d6Z: Winter (1. Dez. &#8211; Ostersamstag): Di &#8211; Fr u. So 14.00 &#8211; 18.00 Uhr , Sa 10.00 &#8211; 18.00 Uhr, 26.12. &#8211; 10.1.: t\u00e4gl. 10.00 &#8211; 18.00 Uhr, 24. &#8211; 25.12 u. beim Hahnenkammrennwochenende am Sa geschlossen. Sommer (Di nach Ostern &#8211; 31. Okt.): Di &#8211; Fr 10.00 &#8211; 13.00 Uhr, Sa 10.00 &#8211; 17.00 Uhr, 20.7. &#8211; 20.9. t\u00e4gl. 10.00 &#8211; 17.00 Uhr, 1. Sa im Aug. geschlossen. F\u00fcr Gruppen ist eine \u00d6ffnung nach Vereinbarung auch au\u00dferhalb der \u00d6Z m\u00f6glich. <\/p>\n<p>Kontakt <a href=\"mailto:\/\/info@museum - kitzbuehel.at\" target=\"_blank\" rel=\"noopener\">info@museum &#8211; kitzbuehel.at<\/a><br \/>\nTelefon: 0 53 56 &#8211; 67 2 74<br \/>\nHinterstadt 32<br \/>\n6370 Kitzb\u00fchel<br \/>\n<a href=\"http:\/\/www.museum - kitzbuehel.at\" target=\"_blank\" rel=\"noopener\">Museum Kitzb\u00fchel<\/a><\/p>\n<p>Quelle: www.familienpass-tirol.at<\/p>\n","protected":false},"excerpt":{"rendered":"<p>Museum Kitzb\u00fchel beim Tiroler Familienpass 25 % Erm. f\u00fcr Erw. u. 50 % Erm. f\u00fcr Kinder. Im ehemaligen st\u00e4dtischen Getreidekasten u. im S\u00fcdwestturm bietet das st\u00e4dtische Museum Kitzb\u00fchel einen einmaligen Einblick in die Geschichte u. Kultur von Stadt u. Region. \u00d6Z: Winter (1. Dez. &#8211; Ostersamstag): Di &#8211; Fr u. So 14.00 &#8211; 18.00 Uhr&#8230; <a class=\"more-link\" href=\"https:\/\/www.weli.at\/kinder\/museum-kitzbuehel\/\">Museum Kitzb\u00fchel<\/a> <a class=\"more-link\" href=\"https:\/\/www.weli.at\/kinder\/museum-kitzbuehel\/\">Museum Kitzb\u00fchel<\/a><\/p>\n","protected":false},"author":4,"featured_media":0,"comment_status":"closed","ping_status":"closed","sticky":false,"template":"","format":"standard","meta":{"_et_pb_use_builder":"","_et_pb_old_content":"","_et_gb_content_width":""},"categories":[19,75],"tags":[],"_links":{"self":[{"href":"https:\/\/www.weli.at\/kinder\/wp-json\/wp\/v2\/posts\/6668"}],"collection":[{"href":"https:\/\/www.weli.at\/kinder\/wp-json\/wp\/v2\/posts"}],"about":[{"href":"https:\/\/www.weli.at\/kinder\/wp-json\/wp\/v2\/types\/post"}],"author":[{"embeddable":true,"href":"https:\/\/www.weli.at\/kinder\/wp-json\/wp\/v2\/users\/4"}],"replies":[{"embeddable":true,"href":"https:\/\/www.weli.at\/kinder\/wp-json\/wp\/v2\/comments?post=6668"}],"version-history":[{"count":0,"href":"https:\/\/www.weli.at\/kinder\/wp-json\/wp\/v2\/posts\/6668\/revisions"}],"wp:attachment":[{"href":"https:\/\/www.weli.at\/kinder\/wp-json\/wp\/v2\/media?parent=6668"}],"wp:term":[{"taxonomy":"category","embeddable":true,"href":"https:\/\/www.weli.at\/kinder\/wp-json\/wp\/v2\/categories?post=6668"},{"taxonomy":"post_tag","embeddable":true,"href":"https:\/\/www.weli.at\/kinder\/wp-json\/wp\/v2\/tags?post=6668"}],"curies":[{"name":"wp","href":"https:\/\/api.w.org\/{rel}","templated":true}]}}