{"id":6872,"date":"2014-02-20T04:00:35","date_gmt":"2014-02-20T03:00:35","guid":{"rendered":"http:\/\/www.weli.at\/kinder\/veranstaltungszentrum-salvenaland\/6872"},"modified":"2015-10-10T11:58:50","modified_gmt":"2015-10-10T11:58:50","slug":"veranstaltungszentrum-salvenaland","status":"publish","type":"post","link":"https:\/\/www.weli.at\/kinder\/veranstaltungszentrum-salvenaland\/","title":{"rendered":"Veranstaltungszentrum &#038; Salvenaland"},"content":{"rendered":"<h2>Veranstaltungszentrum &#038; Salvenaland beim Tiroler Familienpass<\/h2>\n<p>Familienpassbesitzer erhalten den Gruppentarif. Der Freizeitpark mitten im Gr\u00fcnen mit Badesee u. beheiztem Pool mit Kinderbecken u. Wasserspielstra\u00dfe, Kinderpark mit Sommerrodelbahn, Funpark mit Beachvolleyball, Hand &#8211; u. Basketball &#8211; u. Fu\u00dfballplatz, Skaterpark u. Tennisplatz. G\u00fcnstige Familien &#8211; u. Saisonkarten erh\u00e4ltlich! Ge\u00f6ffnet: Mai &#8211; Ende Okt. (Schwimmbereich witterungsbedingt bis ca. Anfang Sept.). Aquapark mit Eisberg, Minigolfanlage, freier Eintritt in den Kinderpark. Hochstuhl Kinderspeisekarte Spielecke &#8211; Spielplatz Wickeltisch<\/p>\n<p>Kontakt <a href=\"mailto:\/\/salvenaland@ktvhopfgarten.at\" target=\"_blank\" rel=\"noopener\">salvenaland@ktvhopfgarten.at<\/a><br \/>\nTelefon: 0 53 35 &#8211; 22 00 od. 33 55<\/p>\n<p>6361 Hopfgarten im Brixental<br \/>\n<a href=\"http:\/\/www.salvena - land.at\" target=\"_blank\" rel=\"noopener\">Veranstaltungszentrum &#038; Salvenaland<\/a><\/p>\n<p>Quelle: www.familienpass-tirol.at<\/p>\n","protected":false},"excerpt":{"rendered":"<p>Veranstaltungszentrum &#038; Salvenaland beim Tiroler Familienpass Familienpassbesitzer erhalten den Gruppentarif. Der Freizeitpark mitten im Gr\u00fcnen mit Badesee u. beheiztem Pool mit Kinderbecken u. Wasserspielstra\u00dfe, Kinderpark mit Sommerrodelbahn, Funpark mit Beachvolleyball, Hand &#8211; u. Basketball &#8211; u. Fu\u00dfballplatz, Skaterpark u. Tennisplatz. G\u00fcnstige Familien &#8211; u. Saisonkarten erh\u00e4ltlich! Ge\u00f6ffnet: Mai &#8211; Ende Okt. (Schwimmbereich witterungsbedingt bis ca&#8230;. <a class=\"more-link\" href=\"https:\/\/www.weli.at\/kinder\/veranstaltungszentrum-salvenaland\/\">Veranstaltungszentrum 038 Salvenaland<\/a> <a class=\"more-link\" href=\"https:\/\/www.weli.at\/kinder\/veranstaltungszentrum-salvenaland\/\">Veranstaltungszentrum 038 Salvenaland<\/a><\/p>\n","protected":false},"author":4,"featured_media":0,"comment_status":"closed","ping_status":"closed","sticky":false,"template":"","format":"standard","meta":{"_et_pb_use_builder":"","_et_pb_old_content":"","_et_gb_content_width":""},"categories":[19,75],"tags":[],"_links":{"self":[{"href":"https:\/\/www.weli.at\/kinder\/wp-json\/wp\/v2\/posts\/6872"}],"collection":[{"href":"https:\/\/www.weli.at\/kinder\/wp-json\/wp\/v2\/posts"}],"about":[{"href":"https:\/\/www.weli.at\/kinder\/wp-json\/wp\/v2\/types\/post"}],"author":[{"embeddable":true,"href":"https:\/\/www.weli.at\/kinder\/wp-json\/wp\/v2\/users\/4"}],"replies":[{"embeddable":true,"href":"https:\/\/www.weli.at\/kinder\/wp-json\/wp\/v2\/comments?post=6872"}],"version-history":[{"count":0,"href":"https:\/\/www.weli.at\/kinder\/wp-json\/wp\/v2\/posts\/6872\/revisions"}],"wp:attachment":[{"href":"https:\/\/www.weli.at\/kinder\/wp-json\/wp\/v2\/media?parent=6872"}],"wp:term":[{"taxonomy":"category","embeddable":true,"href":"https:\/\/www.weli.at\/kinder\/wp-json\/wp\/v2\/categories?post=6872"},{"taxonomy":"post_tag","embeddable":true,"href":"https:\/\/www.weli.at\/kinder\/wp-json\/wp\/v2\/tags?post=6872"}],"curies":[{"name":"wp","href":"https:\/\/api.w.org\/{rel}","templated":true}]}}