{"id":758,"date":"2010-06-27T18:35:22","date_gmt":"2010-06-27T16:35:22","guid":{"rendered":"http:\/\/www.weli.at\/kinder\/?p=758"},"modified":"2015-10-12T11:18:21","modified_gmt":"2015-10-12T11:18:21","slug":"kindergeburtstag-geburtstag-bei-zwillingen","status":"publish","type":"post","link":"https:\/\/www.weli.at\/kinder\/kindergeburtstag-geburtstag-bei-zwillingen\/","title":{"rendered":"Kindergeburtstag &#8211; Geburtstag bei Zwillingen"},"content":{"rendered":"<p>Beim ersten Geburtstag ist es noch nicht so wichtig, dass f\u00fcr Zwillinge ein individuelles Fest gefeiert wird!<\/p>\n<p>Ab 2 oder 3 Jahren ist es sch\u00f6n, wenn jeder seine eigene Feier haben darf.<\/p>\n<p>Diese Feier kann einen Tag vor dem Geburtstag f\u00fcr einen Zwilling stattfinden, am eigentlich Geburtstag feiert man mit der Familie, am Folgetag ist dann das Fest des anderen Zwillings &#8211; auch das Motto <!--more-->kann unterschiedlich sein!<\/p>\n<p>Es werden auch &#8211; so vorhanden &#8211; unterschiedliche Freunde eingeladen &#8211; ganz wichtig!<\/p>\n<p>Feiern ist eine sch\u00f6ne Sache und muss nicht als Belastung empfunden werden!<\/p>\n<p>Kuchen kann man 3 auf einmal backen oder auch kaufen!  \ud83d\ude42<\/p>\n<p>Auch bei Geschwisterkindern kann es vorkommen, dass die Geburtstage nahe beieinanderliegen, und hier kommt auch niemand auf die Idee alles in einen Topf zu werden!<\/p>\n","protected":false},"excerpt":{"rendered":"<p>Beim ersten Geburtstag ist es noch nicht so wichtig, dass f\u00fcr Zwillinge ein individuelles Fest gefeiert wird! Ab 2 oder 3 Jahren ist es sch\u00f6n, wenn jeder seine eigene Feier haben darf. Diese Feier kann einen Tag vor dem Geburtstag f\u00fcr einen Zwilling stattfinden, am eigentlich Geburtstag feiert man mit der Familie, am Folgetag ist&#8230; <a class=\"more-link\" href=\"https:\/\/www.weli.at\/kinder\/kindergeburtstag-geburtstag-bei-zwillingen\/\">Kindergeburtstag 8211 Geburtstag bei<\/a> <a class=\"more-link\" href=\"https:\/\/www.weli.at\/kinder\/kindergeburtstag-geburtstag-bei-zwillingen\/\">Kindergeburtstag 8211 Geburtstag bei<\/a><\/p>\n","protected":false},"author":2,"featured_media":0,"comment_status":"closed","ping_status":"open","sticky":false,"template":"","format":"standard","meta":{"_et_pb_use_builder":"","_et_pb_old_content":"","_et_gb_content_width":""},"categories":[22,33,89],"tags":[],"_links":{"self":[{"href":"https:\/\/www.weli.at\/kinder\/wp-json\/wp\/v2\/posts\/758"}],"collection":[{"href":"https:\/\/www.weli.at\/kinder\/wp-json\/wp\/v2\/posts"}],"about":[{"href":"https:\/\/www.weli.at\/kinder\/wp-json\/wp\/v2\/types\/post"}],"author":[{"embeddable":true,"href":"https:\/\/www.weli.at\/kinder\/wp-json\/wp\/v2\/users\/2"}],"replies":[{"embeddable":true,"href":"https:\/\/www.weli.at\/kinder\/wp-json\/wp\/v2\/comments?post=758"}],"version-history":[{"count":0,"href":"https:\/\/www.weli.at\/kinder\/wp-json\/wp\/v2\/posts\/758\/revisions"}],"wp:attachment":[{"href":"https:\/\/www.weli.at\/kinder\/wp-json\/wp\/v2\/media?parent=758"}],"wp:term":[{"taxonomy":"category","embeddable":true,"href":"https:\/\/www.weli.at\/kinder\/wp-json\/wp\/v2\/categories?post=758"},{"taxonomy":"post_tag","embeddable":true,"href":"https:\/\/www.weli.at\/kinder\/wp-json\/wp\/v2\/tags?post=758"}],"curies":[{"name":"wp","href":"https:\/\/api.w.org\/{rel}","templated":true}]}}