{"id":8346,"date":"2014-10-23T22:11:47","date_gmt":"2014-10-23T20:11:47","guid":{"rendered":"http:\/\/www.weli.at\/kinder\/?p=8346"},"modified":"2015-10-10T11:55:08","modified_gmt":"2015-10-10T11:55:08","slug":"bluatschink-zabine-naturschatzfest","status":"publish","type":"post","link":"https:\/\/www.weli.at\/kinder\/bluatschink-zabine-naturschatzfest\/","title":{"rendered":"Bluatschink Zabine Naturschatzfest"},"content":{"rendered":"<p>Tirol hat unvergleichliche Natursch\u00e4tze zu bieten.<br \/>\nDoch immer mehr davon sind bedroht &#8211; durch Projekte wie Kraftwerke, Stauseen oder Seilbahnen.<br \/>\nDarauf will der WWF gemeinsam mit 19 weiteren Naturschutzorganisationen und B\u00fcrgerinitiativen beim gro\u00dfen Naturschatzfest am 25. Oktober in Innsbruck aufmerksam machen! <\/p>\n<p><a href=\"https:\/\/www.weli.at\/kinder\/wp-content\/uploads\/2014\/10\/543e2bccbd2ed_b.jpg\"><img loading=\"lazy\" src=\"https:\/\/www.weli.at\/kinder\/wp-content\/uploads\/2014\/10\/543e2bccbd2ed_b-212x300.jpg\" alt=\"543e2bccbd2ed_b\" width=\"212\" height=\"300\" class=\"alignleft size-medium wp-image-8347\" \/><\/a><\/p>\n<p>Neben <!--more-->Konzerten von Bluatschink und Zabine (Kinderkonzert ab 16.00, im Anschluss Information und Erwachsenenkonzert) gibt es Infos, Spiel und Spa\u00df f\u00fcr gro\u00dfe und kleine Natursch\u00fctzer.<br \/>\nDas Fest findet bei jedem Wetter statt. <\/p>\n<h2>Naturschatzfest Ort<\/h2>\n<p>Marktplatz Innsbruck<\/p>\n<h2>Naturschatzfest Eintritt<\/h2>\n<p>frei<\/p>\n<h2>Naturschatzfest Kontakt<\/h2>\n<p>Toni Vorauer<br \/>\nWWF  \u00d6sterreich,<br \/>\nBrixnerstra\u00dfe 4<br \/>\n6020 Innsbruck<br \/>\nhttp:\/\/www.wwf.at\/de\/naturschatzfest\/<br \/>\nTel.: +43 676 444 66 10<br \/>\nEmail: anton.vorauer@utanet.at<\/p>\n","protected":false},"excerpt":{"rendered":"<p>Tirol hat unvergleichliche Natursch\u00e4tze zu bieten. Doch immer mehr davon sind bedroht &#8211; durch Projekte wie Kraftwerke, Stauseen oder Seilbahnen. Darauf will der WWF gemeinsam mit 19 weiteren Naturschutzorganisationen und B\u00fcrgerinitiativen beim gro\u00dfen Naturschatzfest am 25. Oktober in Innsbruck aufmerksam machen! Neben <a class=\"more-link\" href=\"https:\/\/www.weli.at\/kinder\/bluatschink-zabine-naturschatzfest\/\">Bluatschink Zabine Naturschatzfest<\/a><\/p>\n","protected":false},"author":2,"featured_media":0,"comment_status":"closed","ping_status":"open","sticky":false,"template":"","format":"standard","meta":{"_et_pb_use_builder":"","_et_pb_old_content":"","_et_gb_content_width":""},"categories":[2,10,12],"tags":[],"_links":{"self":[{"href":"https:\/\/www.weli.at\/kinder\/wp-json\/wp\/v2\/posts\/8346"}],"collection":[{"href":"https:\/\/www.weli.at\/kinder\/wp-json\/wp\/v2\/posts"}],"about":[{"href":"https:\/\/www.weli.at\/kinder\/wp-json\/wp\/v2\/types\/post"}],"author":[{"embeddable":true,"href":"https:\/\/www.weli.at\/kinder\/wp-json\/wp\/v2\/users\/2"}],"replies":[{"embeddable":true,"href":"https:\/\/www.weli.at\/kinder\/wp-json\/wp\/v2\/comments?post=8346"}],"version-history":[{"count":0,"href":"https:\/\/www.weli.at\/kinder\/wp-json\/wp\/v2\/posts\/8346\/revisions"}],"wp:attachment":[{"href":"https:\/\/www.weli.at\/kinder\/wp-json\/wp\/v2\/media?parent=8346"}],"wp:term":[{"taxonomy":"category","embeddable":true,"href":"https:\/\/www.weli.at\/kinder\/wp-json\/wp\/v2\/categories?post=8346"},{"taxonomy":"post_tag","embeddable":true,"href":"https:\/\/www.weli.at\/kinder\/wp-json\/wp\/v2\/tags?post=8346"}],"curies":[{"name":"wp","href":"https:\/\/api.w.org\/{rel}","templated":true}]}}