{"id":8889,"date":"2015-06-18T16:20:56","date_gmt":"2015-06-18T14:20:56","guid":{"rendered":"http:\/\/www.weli.at\/kinder\/tauschmarkt-innsbruck\/8889"},"modified":"2015-10-05T16:15:04","modified_gmt":"2015-10-05T16:15:04","slug":"tauschmarkt-innsbruck","status":"publish","type":"post","link":"https:\/\/www.weli.at\/kinder\/tauschmarkt-innsbruck\/","title":{"rendered":"Tauschmarkt Innsbruck"},"content":{"rendered":"<div>\n<h1>Flohmarkt f\u00fcr Fahrr\u00e4der<\/h1>\n<p>Rechtzeitig zu Fr\u00fchlingsbeginn f\u00fchren ARGUS Radlobby Tirol und lokale PfadfinderInnengruppen wieder zwei gro\u00dfe Radm\u00e4rkte f\u00fcr Gebrauchtr\u00e4der in Innsbruck und V\u00f6ls durch.<\/p>\n<div>Marktplatz<br \/>\n6020 Innsbruck,<\/div>\n<p>Telefon: 0043 512273946<\/p>\n<\/div>\n<p>Organisation<br \/>\nemail <a href=\"mailto:argus.tirol@radlobby.at\" target=\"_top\">argus.tirol@radlobby.at<\/a><\/p>\n<p>Quelle: http:  www.radlobby.at<\/p>\n","protected":false},"excerpt":{"rendered":"<p>Flohmarkt f\u00fcr Fahrr\u00e4der Rechtzeitig zu Fr\u00fchlingsbeginn f\u00fchren ARGUS Radlobby Tirol und lokale PfadfinderInnengruppen wieder zwei gro\u00dfe Radm\u00e4rkte f\u00fcr Gebrauchtr\u00e4der in Innsbruck und V\u00f6ls durch. Marktplatz 6020 Innsbruck, Telefon: 0043 512273946 Organisation email argus.tirol@radlobby.at Quelle: http: www.radlobby.at <a class=\"more-link\" href=\"https:\/\/www.weli.at\/kinder\/tauschmarkt-innsbruck\/\">Tauschmarkt Innsbruck<\/a><\/p>\n","protected":false},"author":4,"featured_media":0,"comment_status":"closed","ping_status":"closed","sticky":false,"template":"","format":"standard","meta":{"_et_pb_use_builder":"","_et_pb_old_content":"","_et_gb_content_width":""},"categories":[73],"tags":[119],"_links":{"self":[{"href":"https:\/\/www.weli.at\/kinder\/wp-json\/wp\/v2\/posts\/8889"}],"collection":[{"href":"https:\/\/www.weli.at\/kinder\/wp-json\/wp\/v2\/posts"}],"about":[{"href":"https:\/\/www.weli.at\/kinder\/wp-json\/wp\/v2\/types\/post"}],"author":[{"embeddable":true,"href":"https:\/\/www.weli.at\/kinder\/wp-json\/wp\/v2\/users\/4"}],"replies":[{"embeddable":true,"href":"https:\/\/www.weli.at\/kinder\/wp-json\/wp\/v2\/comments?post=8889"}],"version-history":[{"count":0,"href":"https:\/\/www.weli.at\/kinder\/wp-json\/wp\/v2\/posts\/8889\/revisions"}],"wp:attachment":[{"href":"https:\/\/www.weli.at\/kinder\/wp-json\/wp\/v2\/media?parent=8889"}],"wp:term":[{"taxonomy":"category","embeddable":true,"href":"https:\/\/www.weli.at\/kinder\/wp-json\/wp\/v2\/categories?post=8889"},{"taxonomy":"post_tag","embeddable":true,"href":"https:\/\/www.weli.at\/kinder\/wp-json\/wp\/v2\/tags?post=8889"}],"curies":[{"name":"wp","href":"https:\/\/api.w.org\/{rel}","templated":true}]}}