{"id":9142,"date":"2015-04-15T22:23:56","date_gmt":"2015-04-15T20:23:56","guid":{"rendered":"http:\/\/www.weli.at\/kinder\/?p=9142"},"modified":"2015-10-05T16:15:07","modified_gmt":"2015-10-05T16:15:07","slug":"reitlager-kinderbetreuung-ferien-2015","status":"publish","type":"post","link":"https:\/\/www.weli.at\/kinder\/reitlager-kinderbetreuung-ferien-2015\/","title":{"rendered":"Reitlager Kinderbetreuung Ferien 2015"},"content":{"rendered":"<p>Die Isl\u00e4nder des Ponyhof Lipp warten schon darauf geputzt, gewaschen, geritten und geknuddelt zu werden. \u00dcbernachtet wird im Mehrbettzimmer und verw\u00f6hnt werden die Kinder von \u201eHertas\u201c K\u00fcche.<br \/>\nDas Freizeitprogramm wird nach Lust und Laune mit Schwimmen (Eintritt ins Schwimmbad nicht im Preis enthalten), Grillen, Spielen\u2026 oder sonstigen Aktivit\u00e4ten gestaltet. <\/p>\n<p><a href=\"https:\/\/www.weli.at\/kinder\/wp-content\/uploads\/2015\/04\/CIMG7100.jpg\"><img loading=\"lazy\" src=\"https:\/\/www.weli.at\/kinder\/wp-content\/uploads\/2015\/04\/CIMG7100-300x225.jpg\" alt=\"CIMG7100\" width=\"300\" height=\"225\" class=\"alignleft size-medium wp-image-9224\" \/><\/a><br \/>\n<!--more--><\/p>\n<h2>Termine Ferien Reiten<\/h2>\n<p>Reitwochenende 31.7.-2.8. und 28.8.-30.8.2015<br \/>\nHalbtagesreitwoche 13.7.-17.7.2015 und 31.8.-4.9.2015<br \/>\nGanztagesreitwoche 20.7.-24.7.2015<\/p>\n<p><a href=\"https:\/\/www.weli.at\/kinder\/wp-content\/uploads\/2015\/04\/CIMG7099.jpg\"><img loading=\"lazy\" src=\"https:\/\/www.weli.at\/kinder\/wp-content\/uploads\/2015\/04\/CIMG7099-300x225.jpg\" alt=\"CIMG7099\" width=\"300\" height=\"225\" class=\"alignleft size-medium wp-image-9229\" \/><\/a><\/p>\n<h2>Kosten Ferien Reiten<\/h2>\n<p>Reitwochenende: \u20ac 155,&#8211;<br \/>\nHalbtagesreitwoche: \u20ac 175,&#8211;<br \/>\nGanztagesreitwoche \u20ac 329, bei Geschwistern je \u20ac 324<br \/>\nEnthalten: volle Verpflegung incl. Getr\u00e4nke, \u00dcbernachtung im Mehrbettzimmer, Reitstunden<\/p>\n<h2>Anmeldung Ferien Reiten<\/h2>\n<p>Bettina Farfeleder<br \/>\nSaglstra\u00dfe 1<br \/>\nA- 6410 Telfs<br \/>\nTelefon: (05262) 630 42<br \/>\nponyhof@telfs.com<br \/>\nwww.telfs.com\/ponyhof<\/p>\n","protected":false},"excerpt":{"rendered":"<p>Die Isl\u00e4nder des Ponyhof Lipp warten schon darauf geputzt, gewaschen, geritten und geknuddelt zu werden. \u00dcbernachtet wird im Mehrbettzimmer und verw\u00f6hnt werden die Kinder von \u201eHertas\u201c K\u00fcche. Das Freizeitprogramm wird nach Lust und Laune mit Schwimmen (Eintritt ins Schwimmbad nicht im Preis enthalten), Grillen, Spielen\u2026 oder sonstigen Aktivit\u00e4ten gestaltet. <a class=\"more-link\" href=\"https:\/\/www.weli.at\/kinder\/reitlager-kinderbetreuung-ferien-2015\/\">Reitlager Kinderbetreuung Ferien 2015<\/a><\/p>\n","protected":false},"author":2,"featured_media":0,"comment_status":"closed","ping_status":"open","sticky":false,"template":"","format":"standard","meta":{"_et_pb_use_builder":"","_et_pb_old_content":"","_et_gb_content_width":""},"categories":[24,25,57,59,68],"tags":[],"_links":{"self":[{"href":"https:\/\/www.weli.at\/kinder\/wp-json\/wp\/v2\/posts\/9142"}],"collection":[{"href":"https:\/\/www.weli.at\/kinder\/wp-json\/wp\/v2\/posts"}],"about":[{"href":"https:\/\/www.weli.at\/kinder\/wp-json\/wp\/v2\/types\/post"}],"author":[{"embeddable":true,"href":"https:\/\/www.weli.at\/kinder\/wp-json\/wp\/v2\/users\/2"}],"replies":[{"embeddable":true,"href":"https:\/\/www.weli.at\/kinder\/wp-json\/wp\/v2\/comments?post=9142"}],"version-history":[{"count":0,"href":"https:\/\/www.weli.at\/kinder\/wp-json\/wp\/v2\/posts\/9142\/revisions"}],"wp:attachment":[{"href":"https:\/\/www.weli.at\/kinder\/wp-json\/wp\/v2\/media?parent=9142"}],"wp:term":[{"taxonomy":"category","embeddable":true,"href":"https:\/\/www.weli.at\/kinder\/wp-json\/wp\/v2\/categories?post=9142"},{"taxonomy":"post_tag","embeddable":true,"href":"https:\/\/www.weli.at\/kinder\/wp-json\/wp\/v2\/tags?post=9142"}],"curies":[{"name":"wp","href":"https:\/\/api.w.org\/{rel}","templated":true}]}}