{"id":9425,"date":"2015-06-17T18:47:12","date_gmt":"2015-06-17T16:47:12","guid":{"rendered":"http:\/\/www.weli.at\/kinder\/?p=9425"},"modified":"2015-10-05T16:15:06","modified_gmt":"2015-10-05T16:15:06","slug":"kinder-werkstatt-tiroler-landesmuseum-2","status":"publish","type":"post","link":"https:\/\/www.weli.at\/kinder\/kinder-werkstatt-tiroler-landesmuseum-2\/","title":{"rendered":"Kinder WERKSTATT Tiroler Landesmuseum"},"content":{"rendered":"<p>Im Ersten Weltkrieg ist alles knapp geworden. Frauen und Kinder haben alte Kleidung aufgetrennt und umgen\u00e4ht, selbst Reste waren noch n\u00fctzlich. Bringt l\u00f6chrige Lieblings-T-Shirts mit und macht etwas daraus, das ihr mit nach Hause nehmen k\u00f6nnt!<br \/>\nF\u00fcr Kinder ab 8 Jahren, mit Anmeldung bis 18. Juni 2015<!--more--><\/p>\n<h2>Museum Datum<\/h2>\n<p>Sa 20. Juni, 9-12 Uhr<br \/>\nFerdinandeum<\/p>\n<h2>Museum Preis<\/h2>\n<p>\u20ac 5,&#8211;<br \/>\n50% Erm\u00e4\u00dfigung f\u00fcr Tiroli-Mitglieder<\/p>\n<h2>Museum Kontakt<\/h2>\n<p>Tiroler Landesmuseen<br \/>\nMuseumstrasse 15, 6020 Innsbruck<br \/>\nTelefon +43 512 594 89<br \/>\nFax +43 512 594 89 &#8211; 109 <\/p>\n","protected":false},"excerpt":{"rendered":"<p>Im Ersten Weltkrieg ist alles knapp geworden. Frauen und Kinder haben alte Kleidung aufgetrennt und umgen\u00e4ht, selbst Reste waren noch n\u00fctzlich. Bringt l\u00f6chrige Lieblings-T-Shirts mit und macht etwas daraus, das ihr mit nach Hause nehmen k\u00f6nnt! F\u00fcr Kinder ab 8 Jahren, mit Anmeldung bis 18. Juni 2015 <a class=\"more-link\" href=\"https:\/\/www.weli.at\/kinder\/kinder-werkstatt-tiroler-landesmuseum-2\/\">Kinder WERKSTATT Tiroler Landesmuseum<\/a><\/p>\n","protected":false},"author":2,"featured_media":0,"comment_status":"closed","ping_status":"open","sticky":false,"template":"","format":"standard","meta":{"_et_pb_use_builder":"","_et_pb_old_content":"","_et_gb_content_width":""},"categories":[8,12,31,43,82],"tags":[142],"_links":{"self":[{"href":"https:\/\/www.weli.at\/kinder\/wp-json\/wp\/v2\/posts\/9425"}],"collection":[{"href":"https:\/\/www.weli.at\/kinder\/wp-json\/wp\/v2\/posts"}],"about":[{"href":"https:\/\/www.weli.at\/kinder\/wp-json\/wp\/v2\/types\/post"}],"author":[{"embeddable":true,"href":"https:\/\/www.weli.at\/kinder\/wp-json\/wp\/v2\/users\/2"}],"replies":[{"embeddable":true,"href":"https:\/\/www.weli.at\/kinder\/wp-json\/wp\/v2\/comments?post=9425"}],"version-history":[{"count":0,"href":"https:\/\/www.weli.at\/kinder\/wp-json\/wp\/v2\/posts\/9425\/revisions"}],"wp:attachment":[{"href":"https:\/\/www.weli.at\/kinder\/wp-json\/wp\/v2\/media?parent=9425"}],"wp:term":[{"taxonomy":"category","embeddable":true,"href":"https:\/\/www.weli.at\/kinder\/wp-json\/wp\/v2\/categories?post=9425"},{"taxonomy":"post_tag","embeddable":true,"href":"https:\/\/www.weli.at\/kinder\/wp-json\/wp\/v2\/tags?post=9425"}],"curies":[{"name":"wp","href":"https:\/\/api.w.org\/{rel}","templated":true}]}}